{"id":95373,"date":"2022-09-13T12:34:14","date_gmt":"2022-09-13T17:34:14","guid":{"rendered":"https:\/\/lospoliticosveracruz.com.mx\/?p=95373"},"modified":"2022-09-13T12:34:22","modified_gmt":"2022-09-13T17:34:22","slug":"alerta-por-lo-tupido","status":"publish","type":"post","link":"https:\/\/lospoliticosveracruz.com.mx\/?p=95373","title":{"rendered":"ALERTA POR LO TUPIDO!"},"content":{"rendered":"\n<p><strong>Karla M\u00e9ndez<\/strong><\/p>\n\n\n\n<p>Xalapa, Ver.- La titular de la Secretar\u00eda de Protecci\u00f3n Civil(PC), Guadalupe Osorno Maldonado, explic\u00f3 que aunque en la entidad se mantiene la alerta gris por lluvias, en la zona de Xalapa no se ven tormentas que puedan llegar a complicar el escenario.<\/p>\n\n\n\n<p>Luego de que el Ayuntamiento de Xalapa emiti\u00f3 una alerta a la poblaci\u00f3n por un temporal lluvioso, la funcionaria dijo que se mantienen en coordinaci\u00f3n no por la cantidad de lluvias que se puedan registrar sino por su intensidad.&nbsp;<\/p>\n\n\n\n<p>\u201cAyer (lunes) prepar\u00e1bamos un plan de atenci\u00f3n e xalapa en caso de que se dieran precipitaciones importantes. Nos dec\u00edan los t\u00e9cnicos que si llueve un mil\u00edmetro por minuto eso causa afectaciones despu\u00e9s de 30 minutos\u201d.<\/p>\n\n\n\n<p>En ese sentido, se\u00f1al\u00f3 que actualmente se prev\u00e9n tormentas y chubascos pero generalizadas ya que desde el mi\u00e9rcoles habr\u00e1 lluvia generalizada en todo el estado y el viernes situadas en el norte de la entidad.<\/p>\n\n\n\n<p>Osorno Maldonado, mencion\u00f3 que tras las lluvias registradas en los \u00faltimos d\u00edas se tienen seis comunidades incomunicadas en Isla, a la que \u00fanicamente se puede llegar por lancha.<\/p>\n\n\n\n<p>La funcionaria agreg\u00f3 que adem\u00e1s en Jos\u00e9 Azueta hay por lo menos 170 viviendas con afectaciones como inundaciones y en Atzacan se registra un socav\u00f3n, mientras que en Tequila hay deslaves.<\/p>\n\n\n\n<p>\u201cSe est\u00e1n haciendo verificaciones y se est\u00e1n entregando insumos del DIF estatal con el apoyo de la Secretar\u00eda de la Defensa Nacional tanto en Jos\u00e9 Azueta como en Isla\u201d.&nbsp;<\/p>\n\n\n\n<p>Neg\u00f3 que se haya solicitado declaratoria de emergencia pues indic\u00f3 que las afectaciones se atienden con recursos del DIF estatal as\u00ed como de los Ayuntamientos.<\/p>\n","protected":false},"excerpt":{"rendered":"<p>Karla M\u00e9ndez Xalapa, Ver.- La titular de la Secretar\u00eda de Protecci\u00f3n Civil(PC), Guadalupe Osorno Maldonado, explic\u00f3 que aunque en la entidad se mantiene la alerta gris por lluvias, en la zona de Xalapa no se ven tormentas que puedan llegar a complicar el escenario. Luego de que el Ayuntamiento de Xalapa emiti\u00f3 una alerta a [&hellip;]<\/p>\n","protected":false},"author":2,"featured_media":0,"comment_status":"closed","ping_status":"closed","sticky":false,"template":"","format":"standard","meta":{"_jetpack_newsletter_access":"","_jetpack_dont_email_post_to_subs":false,"_jetpack_newsletter_tier_id":0,"_jetpack_memberships_contains_paywalled_content":false,"_jetpack_memberships_contains_paid_content":false,"footnotes":""},"categories":[6446],"tags":[1534,11408,8021],"class_list":["post-95373","post","type-post","status-publish","format-standard","hentry","category-la-nota","tag-ayuntamiento-de-xalapa","tag-guadalupe-osorno-maldonado","tag-secretaria-de-proteccion-civil"],"jetpack_featured_media_url":"","jetpack_sharing_enabled":true,"jetpack_shortlink":"https:\/\/wp.me\/p4Qcd3-oOh","_links":{"self":[{"href":"https:\/\/lospoliticosveracruz.com.mx\/index.php?rest_route=\/wp\/v2\/posts\/95373","targetHints":{"allow":["GET"]}}],"collection":[{"href":"https:\/\/lospoliticosveracruz.com.mx\/index.php?rest_route=\/wp\/v2\/posts"}],"about":[{"href":"https:\/\/lospoliticosveracruz.com.mx\/index.php?rest_route=\/wp\/v2\/types\/post"}],"author":[{"embeddable":true,"href":"https:\/\/lospoliticosveracruz.com.mx\/index.php?rest_route=\/wp\/v2\/users\/2"}],"replies":[{"embeddable":true,"href":"https:\/\/lospoliticosveracruz.com.mx\/index.php?rest_route=%2Fwp%2Fv2%2Fcomments&post=95373"}],"version-history":[{"count":1,"href":"https:\/\/lospoliticosveracruz.com.mx\/index.php?rest_route=\/wp\/v2\/posts\/95373\/revisions"}],"predecessor-version":[{"id":95375,"href":"https:\/\/lospoliticosveracruz.com.mx\/index.php?rest_route=\/wp\/v2\/posts\/95373\/revisions\/95375"}],"wp:attachment":[{"href":"https:\/\/lospoliticosveracruz.com.mx\/index.php?rest_route=%2Fwp%2Fv2%2Fmedia&parent=95373"}],"wp:term":[{"taxonomy":"category","embeddable":true,"href":"https:\/\/lospoliticosveracruz.com.mx\/index.php?rest_route=%2Fwp%2Fv2%2Fcategories&post=95373"},{"taxonomy":"post_tag","embeddable":true,"href":"https:\/\/lospoliticosveracruz.com.mx\/index.php?rest_route=%2Fwp%2Fv2%2Ftags&post=95373"}],"curies":[{"name":"wp","href":"https:\/\/api.w.org\/{rel}","templated":true}]}}