{"id":95428,"date":"2022-09-14T12:21:19","date_gmt":"2022-09-14T17:21:19","guid":{"rendered":"https:\/\/lospoliticosveracruz.com.mx\/?p=95428"},"modified":"2022-09-14T12:21:25","modified_gmt":"2022-09-14T17:21:25","slug":"de-alto-rango-a-medio-pelo","status":"publish","type":"post","link":"https:\/\/lospoliticosveracruz.com.mx\/?p=95428","title":{"rendered":"DE \u201cALTO RANGO\u201d A \u201cMEDIO PELO\u201d!"},"content":{"rendered":"\n<p><\/p>\n\n\n\n<p><strong>Karla M\u00e9ndez<\/strong><br>Perote, Ver.- El titular de la Secretar\u00eda de Seguridad P\u00fablica(SSP) Hugo Guti\u00e9rrez Maldonado, confirm\u00f3 que los delincuentes que fueron detenidos en Orizaba se encontraban en una casa de Seguridad y por lo cual atacaron a balazos a elementos policiales estatales.<\/p>\n\n\n\n<p>En entrevista, se\u00f1al\u00f3 que estos delincuentes no son necesariamente integrantes activos del C\u00e1rtel Jalisco Nueva Generaci\u00f3n(CJNG), sino que como \u00abfranquicia\u00bb adquieren el nombre, es decir que compran las gorras y playeras del cartel y con eso ya pueden \u00abtrabajar\u00bb la plaza.<\/p>\n\n\n\n<p>\u00abSon de una banda, acu\u00e9rdate que ellos compran el nombre como si fueran a comprar una franquicia; son eso, en realidad son delincuentes de &#8216;medio pelo\u00bb.<\/p>\n\n\n\n<p>Dijo que estos criminales se dedican a extorsionar y a robar al transporte en la zona de Orizaba, por lo que solo se adjudican el nombre del C\u00e1rtel.<\/p>\n\n\n\n<p>Respecto a la seguridad en esa zona, puntualiz\u00f3 que con este incidente no quiere decir que sea foco rojo las altas monta\u00f1as ni ning\u00fan otro municipio, sino que fue un evento aislado.<\/p>\n\n\n\n<p>Finalmente, reiter\u00f3 que contin\u00faan trabajando en todas las zonas que hasta el momento no se tienen focos rojos en todo el estado de Veracruz, por eso hay cada vez m\u00e1s detenciones.<\/p>\n\n\n\n<p><\/p>\n","protected":false},"excerpt":{"rendered":"<p>Karla M\u00e9ndezPerote, Ver.- El titular de la Secretar\u00eda de Seguridad P\u00fablica(SSP) Hugo Guti\u00e9rrez Maldonado, confirm\u00f3 que los delincuentes que fueron detenidos en Orizaba se encontraban en una casa de Seguridad y por lo cual atacaron a balazos a elementos policiales estatales. En entrevista, se\u00f1al\u00f3 que estos delincuentes no son necesariamente integrantes activos del C\u00e1rtel Jalisco [&hellip;]<\/p>\n","protected":false},"author":2,"featured_media":0,"comment_status":"closed","ping_status":"closed","sticky":false,"template":"","format":"standard","meta":{"_jetpack_newsletter_access":"","_jetpack_dont_email_post_to_subs":false,"_jetpack_newsletter_tier_id":0,"_jetpack_memberships_contains_paywalled_content":false,"_jetpack_memberships_contains_paid_content":false,"footnotes":""},"categories":[6446],"tags":[17864,13303,4555],"class_list":["post-95428","post","type-post","status-publish","format-standard","hentry","category-la-nota","tag-cjng","tag-hugo-gutierrez-maldonado","tag-secretaria-de-seguridad-publica"],"jetpack_featured_media_url":"","jetpack_sharing_enabled":true,"jetpack_shortlink":"https:\/\/wp.me\/p4Qcd3-oPa","_links":{"self":[{"href":"https:\/\/lospoliticosveracruz.com.mx\/index.php?rest_route=\/wp\/v2\/posts\/95428","targetHints":{"allow":["GET"]}}],"collection":[{"href":"https:\/\/lospoliticosveracruz.com.mx\/index.php?rest_route=\/wp\/v2\/posts"}],"about":[{"href":"https:\/\/lospoliticosveracruz.com.mx\/index.php?rest_route=\/wp\/v2\/types\/post"}],"author":[{"embeddable":true,"href":"https:\/\/lospoliticosveracruz.com.mx\/index.php?rest_route=\/wp\/v2\/users\/2"}],"replies":[{"embeddable":true,"href":"https:\/\/lospoliticosveracruz.com.mx\/index.php?rest_route=%2Fwp%2Fv2%2Fcomments&post=95428"}],"version-history":[{"count":1,"href":"https:\/\/lospoliticosveracruz.com.mx\/index.php?rest_route=\/wp\/v2\/posts\/95428\/revisions"}],"predecessor-version":[{"id":95430,"href":"https:\/\/lospoliticosveracruz.com.mx\/index.php?rest_route=\/wp\/v2\/posts\/95428\/revisions\/95430"}],"wp:attachment":[{"href":"https:\/\/lospoliticosveracruz.com.mx\/index.php?rest_route=%2Fwp%2Fv2%2Fmedia&parent=95428"}],"wp:term":[{"taxonomy":"category","embeddable":true,"href":"https:\/\/lospoliticosveracruz.com.mx\/index.php?rest_route=%2Fwp%2Fv2%2Fcategories&post=95428"},{"taxonomy":"post_tag","embeddable":true,"href":"https:\/\/lospoliticosveracruz.com.mx\/index.php?rest_route=%2Fwp%2Fv2%2Ftags&post=95428"}],"curies":[{"name":"wp","href":"https:\/\/api.w.org\/{rel}","templated":true}]}}