{"id":95431,"date":"2022-09-14T13:43:38","date_gmt":"2022-09-14T18:43:38","guid":{"rendered":"https:\/\/lospoliticosveracruz.com.mx\/?p=95431"},"modified":"2022-09-14T13:43:43","modified_gmt":"2022-09-14T18:43:43","slug":"ssp-salud-y-sev-con-puro-kaliman","status":"publish","type":"post","link":"https:\/\/lospoliticosveracruz.com.mx\/?p=95431","title":{"rendered":"SSP, Salud y SEV, CON PURO \u00abKALIMAN\u00bb!"},"content":{"rendered":"\n<p><\/p>\n\n\n\n<p><strong>Karla M\u00e9ndez<\/strong><br>Perote, Ver &#8211; Hasta el momento ya se tienen 100 casos de acoso y abuso sexual en la Secretar\u00eda de Seguridad P\u00fablica, Educaci\u00f3n y Salud, principalmente al tratarse de grandes dependencias, de las cuales se toman acciones como la inhabilitaci\u00f3n de menos de 10 casos.<\/p>\n\n\n\n<p>En entrevista, la Titular de la Contralor\u00eda General del Estado(CGE), Mercedes Santoyo, se\u00f1al\u00f3 que de acuerdo al trabajo que realizan con las jornadas de capacitaci\u00f3n en el tema de abuso y acoso sexual, ahora ya cuentan con m\u00e1s quejas debido a la confianza que existe en denunciar.<\/p>\n\n\n\n<p>Dijo que aunque las denuncias que se atienden solo son por abuso y acoso sexual, tambi\u00e9n se reciben por acoso laboral que van contrarias a lo que se realiza en esta administraci\u00f3n donde se pide que hay un buen ambiente laboral y respeto hacia las mujeres.<\/p>\n\n\n\n<p>\u00abTenemos ya 100 casos, bueno por ser dependencias grandes est\u00e1 seguridad p\u00fablica, educaci\u00f3n y salud, se toman acciones al respecto.. Tambi\u00e9n llegan quejas de acoso laboral que van contrarias.\u00bb<\/p>\n\n\n\n<p>Respecto al caso de una empleada de la Secretar\u00eda de Gobierno(SEGOB), reiter\u00f3 que ellos resolvieron el caso apegados a la normatividad, por lo que es una falta administrativa no grave, a pesar de que un tribunal se\u00f1ale que es grave.<\/p>\n\n\n\n<p>Finalmente, dijo que su que el caso regrese a la contralor\u00eda la resoluci\u00f3n ser\u00e9 la misma y ante esto no podr\u00edan tener alguna sanci\u00f3n porque no incumple con la normatividad y est\u00e1n apegados a la ley.<\/p>\n","protected":false},"excerpt":{"rendered":"<p>Karla M\u00e9ndezPerote, Ver &#8211; Hasta el momento ya se tienen 100 casos de acoso y abuso sexual en la Secretar\u00eda de Seguridad P\u00fablica, Educaci\u00f3n y Salud, principalmente al tratarse de grandes dependencias, de las cuales se toman acciones como la inhabilitaci\u00f3n de menos de 10 casos. En entrevista, la Titular de la Contralor\u00eda General del [&hellip;]<\/p>\n","protected":false},"author":2,"featured_media":0,"comment_status":"closed","ping_status":"closed","sticky":false,"template":"","format":"standard","meta":{"_jetpack_newsletter_access":"","_jetpack_dont_email_post_to_subs":false,"_jetpack_newsletter_tier_id":0,"_jetpack_memberships_contains_paywalled_content":false,"_jetpack_memberships_contains_paid_content":false,"footnotes":""},"categories":[6446],"tags":[1916,5584,4555],"class_list":["post-95431","post","type-post","status-publish","format-standard","hentry","category-la-nota","tag-contraloria-general-del-estado","tag-mercedes-santoyo-dominguez","tag-secretaria-de-seguridad-publica"],"jetpack_featured_media_url":"","jetpack_sharing_enabled":true,"jetpack_shortlink":"https:\/\/wp.me\/p4Qcd3-oPd","_links":{"self":[{"href":"https:\/\/lospoliticosveracruz.com.mx\/index.php?rest_route=\/wp\/v2\/posts\/95431","targetHints":{"allow":["GET"]}}],"collection":[{"href":"https:\/\/lospoliticosveracruz.com.mx\/index.php?rest_route=\/wp\/v2\/posts"}],"about":[{"href":"https:\/\/lospoliticosveracruz.com.mx\/index.php?rest_route=\/wp\/v2\/types\/post"}],"author":[{"embeddable":true,"href":"https:\/\/lospoliticosveracruz.com.mx\/index.php?rest_route=\/wp\/v2\/users\/2"}],"replies":[{"embeddable":true,"href":"https:\/\/lospoliticosveracruz.com.mx\/index.php?rest_route=%2Fwp%2Fv2%2Fcomments&post=95431"}],"version-history":[{"count":1,"href":"https:\/\/lospoliticosveracruz.com.mx\/index.php?rest_route=\/wp\/v2\/posts\/95431\/revisions"}],"predecessor-version":[{"id":95432,"href":"https:\/\/lospoliticosveracruz.com.mx\/index.php?rest_route=\/wp\/v2\/posts\/95431\/revisions\/95432"}],"wp:attachment":[{"href":"https:\/\/lospoliticosveracruz.com.mx\/index.php?rest_route=%2Fwp%2Fv2%2Fmedia&parent=95431"}],"wp:term":[{"taxonomy":"category","embeddable":true,"href":"https:\/\/lospoliticosveracruz.com.mx\/index.php?rest_route=%2Fwp%2Fv2%2Fcategories&post=95431"},{"taxonomy":"post_tag","embeddable":true,"href":"https:\/\/lospoliticosveracruz.com.mx\/index.php?rest_route=%2Fwp%2Fv2%2Ftags&post=95431"}],"curies":[{"name":"wp","href":"https:\/\/api.w.org\/{rel}","templated":true}]}}