{"id":95505,"date":"2022-09-15T12:31:51","date_gmt":"2022-09-15T17:31:51","guid":{"rendered":"https:\/\/lospoliticosveracruz.com.mx\/?p=95505"},"modified":"2022-09-15T12:31:56","modified_gmt":"2022-09-15T17:31:56","slug":"traban-a-elias-con-hoyos","status":"publish","type":"post","link":"https:\/\/lospoliticosveracruz.com.mx\/?p=95505","title":{"rendered":"TRABAN A EL\u00cdAS CON HOYOS!"},"content":{"rendered":"\n<p><strong>Xalapa<\/strong><\/p>\n\n\n\n<p>El subsecretario de Infraestructura de la Secretar\u00eda de Infraestructura y Obra P\u00fablica (SIOP), Fernando El\u00edas Guevara, se comprometi\u00f3 a recorrer la carretera&nbsp;&nbsp;Xalapa al Castillo, misma que se encuentra en p\u00e9simo estado, y los baches obligan a los automovilistas a invadir carril contrario pues hay tramos intransitables.<\/p>\n\n\n\n<p>Admiti\u00f3 que es necesario presupuestar recursos para atender esta v\u00eda de comunicaci\u00f3n por la que diariamente circulan miles de veh\u00edculos incluida carga pesada. Por lo pronto ante cuestionamientos de la prensa, y un v\u00eddeo que se le mostr\u00f3, se comprometi\u00f3 a constatar da\u00f1os y e implementar acciones.&nbsp;<\/p>\n\n\n\n<p>Hay que destacar que esta carretera, es paso obligado para las comunidades de El Castillo, Tronconal, Chiltoyac, Colonia 6 de Enero, Castillo Chico, Las cruces y otras, asi como para los municipios de&nbsp;&nbsp;Alto Lucero, y Actopan con alta vocaci\u00f3n agr\u00edcola.&nbsp;<\/p>\n\n\n\n<p>Entre otras cosas confi\u00f3 que la Secretar\u00eda de Finanzas y Planeaci\u00f3n apruebe a la SIOP una ampliaci\u00f3n presupuestal para los meses que restan de 2022 a fin de seguir ejecutando obras en beneficio de los Veracruzanos.<\/p>\n","protected":false},"excerpt":{"rendered":"<p>Xalapa El subsecretario de Infraestructura de la Secretar\u00eda de Infraestructura y Obra P\u00fablica (SIOP), Fernando El\u00edas Guevara, se comprometi\u00f3 a recorrer la carretera&nbsp;&nbsp;Xalapa al Castillo, misma que se encuentra en p\u00e9simo estado, y los baches obligan a los automovilistas a invadir carril contrario pues hay tramos intransitables. Admiti\u00f3 que es necesario presupuestar recursos para atender [&hellip;]<\/p>\n","protected":false},"author":2,"featured_media":0,"comment_status":"closed","ping_status":"closed","sticky":false,"template":"","format":"standard","meta":{"_jetpack_newsletter_access":"","_jetpack_dont_email_post_to_subs":false,"_jetpack_newsletter_tier_id":0,"_jetpack_memberships_contains_paywalled_content":false,"_jetpack_memberships_contains_paid_content":false,"footnotes":""},"categories":[6446],"tags":[35221,17025,342,96],"class_list":["post-95505","post","type-post","status-publish","format-standard","hentry","category-la-nota","tag-castillo","tag-fernando-elias-guevara","tag-siop","tag-xalapa"],"jetpack_featured_media_url":"","jetpack_sharing_enabled":true,"jetpack_shortlink":"https:\/\/wp.me\/p4Qcd3-oQp","_links":{"self":[{"href":"https:\/\/lospoliticosveracruz.com.mx\/index.php?rest_route=\/wp\/v2\/posts\/95505","targetHints":{"allow":["GET"]}}],"collection":[{"href":"https:\/\/lospoliticosveracruz.com.mx\/index.php?rest_route=\/wp\/v2\/posts"}],"about":[{"href":"https:\/\/lospoliticosveracruz.com.mx\/index.php?rest_route=\/wp\/v2\/types\/post"}],"author":[{"embeddable":true,"href":"https:\/\/lospoliticosveracruz.com.mx\/index.php?rest_route=\/wp\/v2\/users\/2"}],"replies":[{"embeddable":true,"href":"https:\/\/lospoliticosveracruz.com.mx\/index.php?rest_route=%2Fwp%2Fv2%2Fcomments&post=95505"}],"version-history":[{"count":1,"href":"https:\/\/lospoliticosveracruz.com.mx\/index.php?rest_route=\/wp\/v2\/posts\/95505\/revisions"}],"predecessor-version":[{"id":95506,"href":"https:\/\/lospoliticosveracruz.com.mx\/index.php?rest_route=\/wp\/v2\/posts\/95505\/revisions\/95506"}],"wp:attachment":[{"href":"https:\/\/lospoliticosveracruz.com.mx\/index.php?rest_route=%2Fwp%2Fv2%2Fmedia&parent=95505"}],"wp:term":[{"taxonomy":"category","embeddable":true,"href":"https:\/\/lospoliticosveracruz.com.mx\/index.php?rest_route=%2Fwp%2Fv2%2Fcategories&post=95505"},{"taxonomy":"post_tag","embeddable":true,"href":"https:\/\/lospoliticosveracruz.com.mx\/index.php?rest_route=%2Fwp%2Fv2%2Ftags&post=95505"}],"curies":[{"name":"wp","href":"https:\/\/api.w.org\/{rel}","templated":true}]}}