{"id":95537,"date":"2022-09-16T08:30:28","date_gmt":"2022-09-16T13:30:28","guid":{"rendered":"https:\/\/lospoliticosveracruz.com.mx\/?p=95537"},"modified":"2022-09-16T08:30:33","modified_gmt":"2022-09-16T13:30:33","slug":"grito-blanco","status":"publish","type":"post","link":"https:\/\/lospoliticosveracruz.com.mx\/?p=95537","title":{"rendered":"GRITO BLANCO!"},"content":{"rendered":"\n<p><strong>Karla M\u00e9ndez<\/strong><br>Elementos MX \/ <em>Xalapa<\/em><br>El gobernador Cuitl\u00e1huac Garc\u00eda Jim\u00e9nez adelant\u00f3 que durante las celebraciones del Grito de Independencia este jueves hasta el momento se tiene saldo blanco.<\/p>\n\n\n\n<p>Despu\u00e9s de montar Guardia de Honor en el monumento a Don Miguel Hidalgo y Costilla en el parque de Los Berros, el mandatario estatal dijo que se mantuvo saldo blanco y que ofrecer\u00e1 una conferencia de prensa al finalizar el desfile conmemorativo.<\/p>\n\n\n\n<p>Cabe recordar que el tradicional Grito de Independencia solo se realiz\u00f3 en 210 municipios, ya que dos ayuntamientos decidieron que fuera de manera virtual, pero no fue por asuntos de violencia e inseguridad.<\/p>\n\n\n\n<p>As\u00ed mismo, debido a las inclemencias del clima en La Antigua y Papantla se decidi\u00f3 suspender el tradicional Desfile conmemorativo.<\/p>\n","protected":false},"excerpt":{"rendered":"<p>Karla M\u00e9ndezElementos MX \/ XalapaEl gobernador Cuitl\u00e1huac Garc\u00eda Jim\u00e9nez adelant\u00f3 que durante las celebraciones del Grito de Independencia este jueves hasta el momento se tiene saldo blanco. Despu\u00e9s de montar Guardia de Honor en el monumento a Don Miguel Hidalgo y Costilla en el parque de Los Berros, el mandatario estatal dijo que se mantuvo [&hellip;]<\/p>\n","protected":false},"author":2,"featured_media":0,"comment_status":"closed","ping_status":"closed","sticky":false,"template":"","format":"standard","meta":{"_jetpack_newsletter_access":"","_jetpack_dont_email_post_to_subs":false,"_jetpack_newsletter_tier_id":0,"_jetpack_memberships_contains_paywalled_content":false,"_jetpack_memberships_contains_paid_content":false,"footnotes":""},"categories":[6446],"tags":[1563,3397,196,1026,3315,195],"class_list":["post-95537","post","type-post","status-publish","format-standard","hentry","category-la-nota","tag-cuitlahuac-garcia-jimenez","tag-grito-de-independencia","tag-inseguridad","tag-morena","tag-papantla","tag-veracruz"],"jetpack_featured_media_url":"","jetpack_sharing_enabled":true,"jetpack_shortlink":"https:\/\/wp.me\/p4Qcd3-oQV","_links":{"self":[{"href":"https:\/\/lospoliticosveracruz.com.mx\/index.php?rest_route=\/wp\/v2\/posts\/95537","targetHints":{"allow":["GET"]}}],"collection":[{"href":"https:\/\/lospoliticosveracruz.com.mx\/index.php?rest_route=\/wp\/v2\/posts"}],"about":[{"href":"https:\/\/lospoliticosveracruz.com.mx\/index.php?rest_route=\/wp\/v2\/types\/post"}],"author":[{"embeddable":true,"href":"https:\/\/lospoliticosveracruz.com.mx\/index.php?rest_route=\/wp\/v2\/users\/2"}],"replies":[{"embeddable":true,"href":"https:\/\/lospoliticosveracruz.com.mx\/index.php?rest_route=%2Fwp%2Fv2%2Fcomments&post=95537"}],"version-history":[{"count":1,"href":"https:\/\/lospoliticosveracruz.com.mx\/index.php?rest_route=\/wp\/v2\/posts\/95537\/revisions"}],"predecessor-version":[{"id":95539,"href":"https:\/\/lospoliticosveracruz.com.mx\/index.php?rest_route=\/wp\/v2\/posts\/95537\/revisions\/95539"}],"wp:attachment":[{"href":"https:\/\/lospoliticosveracruz.com.mx\/index.php?rest_route=%2Fwp%2Fv2%2Fmedia&parent=95537"}],"wp:term":[{"taxonomy":"category","embeddable":true,"href":"https:\/\/lospoliticosveracruz.com.mx\/index.php?rest_route=%2Fwp%2Fv2%2Fcategories&post=95537"},{"taxonomy":"post_tag","embeddable":true,"href":"https:\/\/lospoliticosveracruz.com.mx\/index.php?rest_route=%2Fwp%2Fv2%2Ftags&post=95537"}],"curies":[{"name":"wp","href":"https:\/\/api.w.org\/{rel}","templated":true}]}}