{"id":95625,"date":"2022-09-19T11:56:01","date_gmt":"2022-09-19T16:56:01","guid":{"rendered":"https:\/\/lospoliticosveracruz.com.mx\/?p=95625"},"modified":"2022-09-19T11:56:08","modified_gmt":"2022-09-19T16:56:08","slug":"doctrina-para-entrar-a-morena","status":"publish","type":"post","link":"https:\/\/lospoliticosveracruz.com.mx\/?p=95625","title":{"rendered":"DOCTRINA PARA ENTRAR A MORENA"},"content":{"rendered":"\n<p><strong>Karla M\u00e9ndez<\/strong>\u00a0<\/p>\n\n\n\n<p>Xalapa, Ver.- El dirigente estatal de MORENA en Veracruz, Esteban Ram\u00edrez Zepeta, adelant\u00f3 que se modificar\u00e1n los estatutos del partido, con la finalidad de evitar que personas se quieran aprovechar del movimiento para tener un puesto p\u00fablico o de elecci\u00f3n popular.<\/p>\n\n\n\n<p>En entrevista, asegur\u00f3 que para lograrlo, previo a la jornada de afiliaci\u00f3n que tendr\u00e1 Morena, los congresistas realizar\u00e1n las modificaciones que incluyen que todos los morenistas pasen por cursos en el Instituto de Formaci\u00f3n Pol\u00edtica.&nbsp;<\/p>\n\n\n\n<p>\u00abEn esa reforma, lo que viene es que cada compa\u00f1ero o compa\u00f1era, ciudadano o ciudadana que quiera pertenecer al partido va a tener que tomar cursos en el instituto de formaci\u00f3n pol\u00edtica, para que no se nos vayan a &#8216;colar&#8217; personas no gratas en el movimiento\u00bb.<\/p>\n\n\n\n<p>Respecto a los militantes que ya est\u00e1n dentro y que han sido se\u00f1alados por otros morenistas de ser personas no gratas y que se aprovechan del poder en el que ahora est\u00e1 el partido, dijo que ser\u00e1 la Comisi\u00f3n de Justicia de Morena quien va a verificar qui\u00e9nes son.<\/p>\n\n\n\n<p>A\u00f1adi\u00f3 que \u00e9l mismo solicitar\u00e1 a la dirigencia nacional que revise una lista que env\u00edo con todos los nombres de estos veracruzanos que, a su consideraci\u00f3n, est\u00e1n en el movimiento solo para \u00abaprovechar la apertura\u00bb.<\/p>\n","protected":false},"excerpt":{"rendered":"<p>Karla M\u00e9ndez\u00a0 Xalapa, Ver.- El dirigente estatal de MORENA en Veracruz, Esteban Ram\u00edrez Zepeta, adelant\u00f3 que se modificar\u00e1n los estatutos del partido, con la finalidad de evitar que personas se quieran aprovechar del movimiento para tener un puesto p\u00fablico o de elecci\u00f3n popular. En entrevista, asegur\u00f3 que para lograrlo, previo a la jornada de afiliaci\u00f3n [&hellip;]<\/p>\n","protected":false},"author":2,"featured_media":0,"comment_status":"closed","ping_status":"closed","sticky":false,"template":"","format":"standard","meta":{"_jetpack_newsletter_access":"","_jetpack_dont_email_post_to_subs":false,"_jetpack_newsletter_tier_id":0,"_jetpack_memberships_contains_paywalled_content":false,"_jetpack_memberships_contains_paid_content":false,"footnotes":""},"categories":[6446],"tags":[17053,20351],"class_list":["post-95625","post","type-post","status-publish","format-standard","hentry","category-la-nota","tag-esteban-ramirez-zepeta","tag-morena-en-veracruz"],"jetpack_featured_media_url":"","jetpack_sharing_enabled":true,"jetpack_shortlink":"https:\/\/wp.me\/p4Qcd3-oSl","_links":{"self":[{"href":"https:\/\/lospoliticosveracruz.com.mx\/index.php?rest_route=\/wp\/v2\/posts\/95625","targetHints":{"allow":["GET"]}}],"collection":[{"href":"https:\/\/lospoliticosveracruz.com.mx\/index.php?rest_route=\/wp\/v2\/posts"}],"about":[{"href":"https:\/\/lospoliticosveracruz.com.mx\/index.php?rest_route=\/wp\/v2\/types\/post"}],"author":[{"embeddable":true,"href":"https:\/\/lospoliticosveracruz.com.mx\/index.php?rest_route=\/wp\/v2\/users\/2"}],"replies":[{"embeddable":true,"href":"https:\/\/lospoliticosveracruz.com.mx\/index.php?rest_route=%2Fwp%2Fv2%2Fcomments&post=95625"}],"version-history":[{"count":1,"href":"https:\/\/lospoliticosveracruz.com.mx\/index.php?rest_route=\/wp\/v2\/posts\/95625\/revisions"}],"predecessor-version":[{"id":95626,"href":"https:\/\/lospoliticosveracruz.com.mx\/index.php?rest_route=\/wp\/v2\/posts\/95625\/revisions\/95626"}],"wp:attachment":[{"href":"https:\/\/lospoliticosveracruz.com.mx\/index.php?rest_route=%2Fwp%2Fv2%2Fmedia&parent=95625"}],"wp:term":[{"taxonomy":"category","embeddable":true,"href":"https:\/\/lospoliticosveracruz.com.mx\/index.php?rest_route=%2Fwp%2Fv2%2Fcategories&post=95625"},{"taxonomy":"post_tag","embeddable":true,"href":"https:\/\/lospoliticosveracruz.com.mx\/index.php?rest_route=%2Fwp%2Fv2%2Ftags&post=95625"}],"curies":[{"name":"wp","href":"https:\/\/api.w.org\/{rel}","templated":true}]}}