{"id":95833,"date":"2022-09-23T08:34:57","date_gmt":"2022-09-23T13:34:57","guid":{"rendered":"https:\/\/lospoliticosveracruz.com.mx\/?p=95833"},"modified":"2022-09-23T08:35:15","modified_gmt":"2022-09-23T13:35:15","slug":"venga-a-veracruz-dona-rocio","status":"publish","type":"post","link":"https:\/\/lospoliticosveracruz.com.mx\/?p=95833","title":{"rendered":"VENGA A VERACRUZ, DO\u00d1A ROC\u00cdO"},"content":{"rendered":"\n<p><strong>Sergio Gonz\u00e1lez Levet<\/strong><br><em>Sin tacto<\/em><\/p>\n\n\n\n<p>Ingeniera Roc\u00edo Nahle Garc\u00eda, me permito hablarle de este tema porque estoy enterado como otros veracruzanos de que usted aspira a ser la candidata de Morena a la gubernatura de Veracruz en 2024.<\/p>\n\n\n<div class=\"wp-block-image\">\n<figure class=\"alignleft size-medium\"><a href=\"https:\/\/lospoliticosveracruz.com.mx\/wp-content\/uploads\/2021\/10\/WhatsApp-Image-2021-10-02-at-15.20.25.jpeg\"><img loading=\"lazy\" decoding=\"async\" width=\"212\" height=\"300\" src=\"https:\/\/lospoliticosveracruz.com.mx\/wp-content\/uploads\/2021\/10\/WhatsApp-Image-2021-10-02-at-15.20.25-212x300.jpeg\" alt=\"\" class=\"wp-image-80177\" srcset=\"https:\/\/lospoliticosveracruz.com.mx\/wp-content\/uploads\/2021\/10\/WhatsApp-Image-2021-10-02-at-15.20.25-212x300.jpeg 212w, https:\/\/lospoliticosveracruz.com.mx\/wp-content\/uploads\/2021\/10\/WhatsApp-Image-2021-10-02-at-15.20.25-724x1024.jpeg 724w, https:\/\/lospoliticosveracruz.com.mx\/wp-content\/uploads\/2021\/10\/WhatsApp-Image-2021-10-02-at-15.20.25-768x1086.jpeg 768w, https:\/\/lospoliticosveracruz.com.mx\/wp-content\/uploads\/2021\/10\/WhatsApp-Image-2021-10-02-at-15.20.25.jpeg 905w\" sizes=\"auto, (max-width: 212px) 100vw, 212px\" \/><\/a><\/figure><\/div>\n\n\n<p><br>\u200bComo buen jarocho, me gusta hablar claro, y usted me entender\u00e1 bien, porque lleva a\u00f1os en esta tierra. Por eso digo que hay paisanos que opinan que usted es lejana a nuestro estado porque naci\u00f3 en Zacatecas, y ya ve c\u00f3mo somos de regionalistas por ac\u00e1. No es para menos, porque vivimos en el mejor estado de M\u00e9xico, estar\u00e1 de acuerdo.<br>\u200bPero la ley ya le permite a usted ser candidata, as\u00ed que podemos pensar que la lejan\u00eda por la oriundez es un dilema que ha sido zanjado con la reforma a nuestra Constituci\u00f3n.<br>\u200bNo obstante, yo s\u00ed le digo que a usted la siento lejana, aunque en otro sentido, que es el f\u00edsico, el que da calor humano.<br>\u200bHasta ahora, como veracruzano he podido ver su imagen en varios espectaculares colocados en todo el estado, que le dan las gracias por la construcci\u00f3n de la refiner\u00eda Olmeca en Dos Bocas, Tabasco.<br>\u200bY tambi\u00e9n he podido asomarme en algunos medios a lo que ha dictado en las conferencias magistrales que ha ofrecido en el World Trade Center sobre temas energ\u00e9ticos, que es lo que usted domina.<br>\u200bPero no la veo a ras de tierra, si me disculpa. No la miramos entre la gente, en nuestras calles y avenidas y pueblos platicando con los ciudadanos, con los j\u00f3venes, con las mujeres bravas e inteligentes que son la marca de la casa.<br>\u200bYo la invito, ingeniera, a que empiece una visita por todo el estado y que venga a nuestras casas, se siente en nuestra cocina y nos platique sus sue\u00f1os y sus planes para que Veracruz se termine de convertir en el mejor lugar, que digo del pa\u00eds, del mundo.<br>\u200bVenga, do\u00f1a Roc\u00edo, a nuestras plazas y nuestros parques, acom\u00f3dese en una banca a la sombra y pred\u00edquenos sus proyectos, cu\u00e9ntenos todo lo bueno que est\u00e1 pensando nos puede suceder si la dejamos que llegue a la silla mayor por la fuerza de nuestros votos, convencidos por su palabra, que puede ser buena, pero hasta ahora la desconocemos.<br>\u200bBaje a la tierra. Los jarochos somos gente buena -usted ha vivido entre veracruzanos la mayor parte de su vida-. D\u00e9jese envolver por el terru\u00f1o, por los pobladores, por el calor feraz que nos da car\u00e1cter, exuberancia y fortaleza.<br>\u200bEstoy seguro de que la vamos a escuchar con buena voluntad porque es usted una dama que ha triunfado en su carrera -en lo vital, lo profesional y lo pol\u00edtico- y tendr\u00e1 buenas cosas que decirnos.<br>\u200bAs\u00ed que ac\u00e1 la esperamos. Va a ser bien tratada, no tenga usted pendiente. Y ya que la escuchemos, podremos decirle lo que pensamos.<\/p>\n\n\n\n<p>sglevet@gmail.com<\/p>\n","protected":false},"excerpt":{"rendered":"<p>Sergio Gonz\u00e1lez LevetSin tacto Ingeniera Roc\u00edo Nahle Garc\u00eda, me permito hablarle de este tema porque estoy enterado como otros veracruzanos de que usted aspira a ser la candidata de Morena a la gubernatura de Veracruz en 2024. \u200bComo buen jarocho, me gusta hablar claro, y usted me entender\u00e1 bien, porque lleva a\u00f1os en esta tierra. [&hellip;]<\/p>\n","protected":false},"author":2,"featured_media":0,"comment_status":"closed","ping_status":"closed","sticky":false,"template":"","format":"standard","meta":{"_jetpack_newsletter_access":"","_jetpack_dont_email_post_to_subs":false,"_jetpack_newsletter_tier_id":0,"_jetpack_memberships_contains_paywalled_content":false,"_jetpack_memberships_contains_paid_content":false,"footnotes":""},"categories":[70],"tags":[1026,4386,1282,195],"class_list":["post-95833","post","type-post","status-publish","format-standard","hentry","category-de-opinion","tag-morena","tag-rocio-nahle-garcia","tag-sergio-gonzalez-levet","tag-veracruz"],"jetpack_featured_media_url":"","jetpack_sharing_enabled":true,"jetpack_shortlink":"https:\/\/wp.me\/p4Qcd3-oVH","_links":{"self":[{"href":"https:\/\/lospoliticosveracruz.com.mx\/index.php?rest_route=\/wp\/v2\/posts\/95833","targetHints":{"allow":["GET"]}}],"collection":[{"href":"https:\/\/lospoliticosveracruz.com.mx\/index.php?rest_route=\/wp\/v2\/posts"}],"about":[{"href":"https:\/\/lospoliticosveracruz.com.mx\/index.php?rest_route=\/wp\/v2\/types\/post"}],"author":[{"embeddable":true,"href":"https:\/\/lospoliticosveracruz.com.mx\/index.php?rest_route=\/wp\/v2\/users\/2"}],"replies":[{"embeddable":true,"href":"https:\/\/lospoliticosveracruz.com.mx\/index.php?rest_route=%2Fwp%2Fv2%2Fcomments&post=95833"}],"version-history":[{"count":1,"href":"https:\/\/lospoliticosveracruz.com.mx\/index.php?rest_route=\/wp\/v2\/posts\/95833\/revisions"}],"predecessor-version":[{"id":95834,"href":"https:\/\/lospoliticosveracruz.com.mx\/index.php?rest_route=\/wp\/v2\/posts\/95833\/revisions\/95834"}],"wp:attachment":[{"href":"https:\/\/lospoliticosveracruz.com.mx\/index.php?rest_route=%2Fwp%2Fv2%2Fmedia&parent=95833"}],"wp:term":[{"taxonomy":"category","embeddable":true,"href":"https:\/\/lospoliticosveracruz.com.mx\/index.php?rest_route=%2Fwp%2Fv2%2Fcategories&post=95833"},{"taxonomy":"post_tag","embeddable":true,"href":"https:\/\/lospoliticosveracruz.com.mx\/index.php?rest_route=%2Fwp%2Fv2%2Ftags&post=95833"}],"curies":[{"name":"wp","href":"https:\/\/api.w.org\/{rel}","templated":true}]}}