{"id":95964,"date":"2022-09-27T07:45:02","date_gmt":"2022-09-27T12:45:02","guid":{"rendered":"https:\/\/lospoliticosveracruz.com.mx\/?p=95964"},"modified":"2022-09-27T07:46:14","modified_gmt":"2022-09-27T12:46:14","slug":"solo-de-pensarlo-se-erizan-los-vellos-del-espinazo","status":"publish","type":"post","link":"https:\/\/lospoliticosveracruz.com.mx\/?p=95964","title":{"rendered":"SOLO DE PENSARLO se erizan los vellos del espinazo"},"content":{"rendered":"\n<p><strong>Bernardo Guti\u00e9rrez Parra<br><\/strong><em>Desde el Caf\u00e9<\/em><\/p>\n\n\n\n<p>Si el asesinato de la maestra Elizabeth Meza Rivera ocurrido la semana anterior tuvo como m\u00f3vil el cobro de piso, aguas. Esto querr\u00e1 decir que directores, subdirectores y docenes de m\u00e1s de 25 mil planteles escolares de Veracruz (entre p\u00fablicos y particulares), est\u00e1n en riesgo inminente.<\/p>\n\n\n\n<p>Por el bien del magisterio veracruzano debe esclarecerse este crimen, pero sin chivos expiatorios, sin acusaciones falsas y sin politizar el caso, para que maestros y maestras sepan a qu\u00e9 atenerse y tomen las medidas pertinentes.<\/p>\n\n\n<div class=\"wp-block-image\">\n<figure class=\"alignleft size-full is-resized\"><a href=\"https:\/\/lospoliticosveracruz.com.mx\/wp-content\/uploads\/2021\/10\/Zacauilt.jpg\"><img loading=\"lazy\" decoding=\"async\" src=\"https:\/\/lospoliticosveracruz.com.mx\/wp-content\/uploads\/2021\/10\/Zacauilt.jpg\" alt=\"\" class=\"wp-image-80558\" width=\"175\" height=\"350\"\/><\/a><\/figure><\/div>\n\n\n<p>\u00bfRecurrir a la polic\u00eda? Uy no, para qu\u00e9.<\/p>\n\n\n\n<p>Tras el asesinato de la maestra, tanto docentes de la escuela \u201cAdolfo Ruiz Cortines\u201d de la que era subdirectora, como maestros de otros planteles pidieron que se refuerce la seguridad, pero el gobernador Cuitl\u00e1huac Garc\u00eda evadi\u00f3 la petici\u00f3n.<\/p>\n\n\n\n<p>\u201cNo es que haya un ambiente de inseguridad para el magisterio y se est\u00e1 investigando en ese asunto, qu\u00e9 pas\u00f3, para dar con los responsables del m\u00f3vil. No es contra el magisterio, pero quieren poner en una encrucijada y que no diga de qu\u00e9 se trata exactamente\u201d.<\/p>\n\n\n\n<p>Lo \u00fanico que qued\u00f3 claro de esa parrafada es que para nada habl\u00f3 de proteger a los maestros y como siempre la reg\u00f3. Asegur\u00f3 que se dar\u00e1 con los responsables del m\u00f3vil, cuando debi\u00f3 decir responsables del crimen. El m\u00f3vil o motivo del asesinato deber\u00e1n confesarlo los sicarios cuando los atrapen\u2026 si los atrapan.<\/p>\n\n\n\n<p>\u00bfQu\u00e9 no hay un ambiente de inseguridad para el magisterio? Ja. C\u00f3mo se nota que sus asistentes no lo ponen al tanto de la inseguridad magisterial. Por decenas se cuentan los mentores (en especial de las zonas rurales) que han denunciado amenazas, extorsiones y hasta secuestros por parte de los delincuentes.<\/p>\n\n\n\n<p>Si la macabra contabilidad no falla, esta es la tercera docente asesinada en esta administraci\u00f3n. La primera fue la maestra de un k\u00ednder en Boca del R\u00edo, a la que sujetos en motocicleta atacaron a balazos el 9 de mayo del 2019 delante de su marido y su hijo.<\/p>\n\n\n\n<p>La segunda fue la rectora de la Universidad Valladolid de Xalapa, tambi\u00e9n asesinada a balazos en junio del 2020. Y por la que una mujer de 31 a\u00f1os y madre dos hijos que estaba a 300 kil\u00f3metros del lugar de los hechos y jam\u00e1s en su vida hab\u00eda visitado Xalapa, fue condenada a 60 a\u00f1os de prisi\u00f3n.<\/p>\n\n\n\n<p>Y la tercera Elizabeth; maestra, subdirectora, madre y abuela a la que un par de sicarios a bordo de una motocicleta ultimaron la semana anterior.<\/p>\n\n\n\n<p>Evasor de la realidad al igual que su jefe Andr\u00e9s Manuel, Cuitl\u00e1huac Garc\u00eda critic\u00f3 que se comparen los homicidios de la 4T con los que hubo anteriormente. Dijo que en aquellos a\u00f1os no estaban cuatro carteles que hoy asolan Veracruz cuando eso es falso. Los carteles est\u00e1n desde antes que \u00e9l bloqueara calles y pintarrajeara paredes.<\/p>\n\n\n\n<p>\u201cPero no se puede comparar as\u00ed \u00bfpor qu\u00e9?, porque no estaban los Zetas, no estaba el Cartel Jalisco, no estaba el grupo Sombra y no estaba el Cartel de Sinaloa, no estaba la descomposici\u00f3n que ten\u00edan estos gobiernos corruptos, que corrompieron fiscal\u00edas, acciones de gobierno y empobrecieron a la gente. \u00bfEso todo lo quieren borrar? Y decir \u2018ah, mira, eres m\u00e1s alto.\u2019 S\u00ed nada m\u00e1s que ahora hay que lidiar con todos esos grupos y toda la corrupci\u00f3n y la pobreza que dejaron\u2026 Y aun as\u00ed quieren decir, \u2018ah, tienes que tener los (asesinatos) del 2000\u2019. \u00bfAh s\u00ed? Entonces qu\u00edtenme a todos esos grupos, regresemos a esa \u00e9poca y entonces empezamos. S\u00ed c\u00f3mo no, ah\u00ed s\u00ed es v\u00e1lido\u201d dijo el se\u00f1or.<\/p>\n\n\n\n<p>Pat\u00e9tico.<\/p>\n\n\n\n<p>Lo cierto lector es que ni se acabar\u00e1 la inseguridad y seguir\u00e1 la violencia. Y si nadie protege a los maestros su profesi\u00f3n pasar\u00e1 a ser de alto riesgo.<\/p>\n\n\n\n<p>Reitero, si el asesinato de la maestra Elizabeth fue porque no pudo pagar un dinero que quiz\u00e1 no ten\u00eda, las dem\u00e1s escuelas, pero sobre todo su personal docente, est\u00e1n en peligro inminente y en la indefensi\u00f3n total. Con su evasiva, Cuitl\u00e1huac Garc\u00eda dio a entender que su gobierno no los va a proteger y estas son p\u00e9simas noticias para la sociedad veracruzana.<\/p>\n\n\n\n<p>Hace unos a\u00f1os un soci\u00f3logo escribi\u00f3 a prop\u00f3sito de la descomposici\u00f3n social: \u201cEl cobro de piso que comenz\u00f3 en bares y centros nocturnos se ha extendido a restaurantes, almacenes y medianas empresas. Si el gobierno no act\u00faa se extender\u00e1 a las escuelas y de ah\u00ed a las casas particulares. El grado de descomposici\u00f3n social llegar\u00e1 a su cl\u00edmax el d\u00eda que toquen a tu puerta y te exijan dinero para que sigas habitando en tu propio hogar\u201d.<\/p>\n\n\n\n<p>Terrible panorama; s\u00f3lo de pensarlo se erizan los vellos del espinazo.<\/p>\n\n\n\n<p>bernardogup@hotmail.com<\/p>\n","protected":false},"excerpt":{"rendered":"<p>Bernardo Guti\u00e9rrez ParraDesde el Caf\u00e9 Si el asesinato de la maestra Elizabeth Meza Rivera ocurrido la semana anterior tuvo como m\u00f3vil el cobro de piso, aguas. Esto querr\u00e1 decir que directores, subdirectores y docenes de m\u00e1s de 25 mil planteles escolares de Veracruz (entre p\u00fablicos y particulares), est\u00e1n en riesgo inminente. Por el bien del [&hellip;]<\/p>\n","protected":false},"author":2,"featured_media":0,"comment_status":"closed","ping_status":"closed","sticky":false,"template":"","format":"standard","meta":{"_jetpack_newsletter_access":"","_jetpack_dont_email_post_to_subs":false,"_jetpack_newsletter_tier_id":0,"_jetpack_memberships_contains_paywalled_content":false,"_jetpack_memberships_contains_paid_content":false,"footnotes":""},"categories":[70],"tags":[618,34206,1563,35321,1026,195,463],"class_list":["post-95964","post","type-post","status-publish","format-standard","hentry","category-de-opinion","tag-andres-manuel-lopez-obrador","tag-bernardo-gutierrez-parra","tag-cuitlahuac-garcia-jimenez","tag-elizabeth-meza-rivera","tag-morena","tag-veracruz","tag-violencia"],"jetpack_featured_media_url":"","jetpack_sharing_enabled":true,"jetpack_shortlink":"https:\/\/wp.me\/p4Qcd3-oXO","_links":{"self":[{"href":"https:\/\/lospoliticosveracruz.com.mx\/index.php?rest_route=\/wp\/v2\/posts\/95964","targetHints":{"allow":["GET"]}}],"collection":[{"href":"https:\/\/lospoliticosveracruz.com.mx\/index.php?rest_route=\/wp\/v2\/posts"}],"about":[{"href":"https:\/\/lospoliticosveracruz.com.mx\/index.php?rest_route=\/wp\/v2\/types\/post"}],"author":[{"embeddable":true,"href":"https:\/\/lospoliticosveracruz.com.mx\/index.php?rest_route=\/wp\/v2\/users\/2"}],"replies":[{"embeddable":true,"href":"https:\/\/lospoliticosveracruz.com.mx\/index.php?rest_route=%2Fwp%2Fv2%2Fcomments&post=95964"}],"version-history":[{"count":2,"href":"https:\/\/lospoliticosveracruz.com.mx\/index.php?rest_route=\/wp\/v2\/posts\/95964\/revisions"}],"predecessor-version":[{"id":95966,"href":"https:\/\/lospoliticosveracruz.com.mx\/index.php?rest_route=\/wp\/v2\/posts\/95964\/revisions\/95966"}],"wp:attachment":[{"href":"https:\/\/lospoliticosveracruz.com.mx\/index.php?rest_route=%2Fwp%2Fv2%2Fmedia&parent=95964"}],"wp:term":[{"taxonomy":"category","embeddable":true,"href":"https:\/\/lospoliticosveracruz.com.mx\/index.php?rest_route=%2Fwp%2Fv2%2Fcategories&post=95964"},{"taxonomy":"post_tag","embeddable":true,"href":"https:\/\/lospoliticosveracruz.com.mx\/index.php?rest_route=%2Fwp%2Fv2%2Ftags&post=95964"}],"curies":[{"name":"wp","href":"https:\/\/api.w.org\/{rel}","templated":true}]}}