{"id":96051,"date":"2022-09-28T15:56:16","date_gmt":"2022-09-28T20:56:16","guid":{"rendered":"https:\/\/lospoliticosveracruz.com.mx\/?p=96051"},"modified":"2022-09-28T15:56:22","modified_gmt":"2022-09-28T20:56:22","slug":"caostepec-y-raymundo","status":"publish","type":"post","link":"https:\/\/lospoliticosveracruz.com.mx\/?p=96051","title":{"rendered":"CAOSTEPEC Y RAYMUNDO"},"content":{"rendered":"\n<p><strong>Salvador Mu\u00f1oz<br><\/strong><em>Los Pol\u00edticos<\/em><\/p>\n\n\n\n<p>El reciente desalojo de vendedores ambulantes con el uso de la fuerza p\u00fablica en \u201cCaostepec\u201d, es un problema que el mismo Ayuntamiento gener\u00f3 al ser el primero en abrirles el espacio a los antorchistas, en aras, hemos de suponer, de obtener ingresos, entradas, recursos\u2026 \u00bfpara qu\u00e9? es lo que quisieran saber los vecinos de este Pueblo M\u00e1gico, porque no ven acci\u00f3n de sus autoridades municipales\u2026 es m\u00e1s, \u00bfqu\u00e9 tan mal ven\u00edan las cosas en el asunto del ambulantaje, que apenas el 19 de agosto pasado, rod\u00f3 la cabeza de Mar\u00eda de la Paz Pozos Gonz\u00e1lez, quien fung\u00eda como directora de Comercio?<\/p>\n\n\n\n<figure class=\"wp-block-embed is-type-video is-provider-youtube wp-block-embed-youtube wp-embed-aspect-16-9 wp-has-aspect-ratio\"><div class=\"wp-block-embed__wrapper\">\n<span class=\"embed-youtube\" style=\"text-align:center; display: block;\"><iframe loading=\"lazy\" class=\"youtube-player\" width=\"750\" height=\"422\" src=\"https:\/\/www.youtube.com\/embed\/Nxe-vxf8GuY?version=3&#038;rel=1&#038;showsearch=0&#038;showinfo=1&#038;iv_load_policy=1&#038;fs=1&#038;hl=es-ES&#038;autohide=2&#038;wmode=transparent\" allowfullscreen=\"true\" style=\"border:0;\" sandbox=\"allow-scripts allow-same-origin allow-popups allow-presentation allow-popups-to-escape-sandbox\"><\/iframe><\/span>\n<\/div><\/figure>\n\n\n\n<p><br>Desde su arribo a tal direcci\u00f3n, caus\u00f3 escozor tanto en los ciudadanos como en los propios morenos, que esperando un espacio para ocupar al menos ese cargo, se lo dieron a Pozos Gonz\u00e1lez, quien trabaj\u00f3 al lado de Gloria Galv\u00e1n en el ayuntamiento de Xico en el mismo cargo y lleg\u00f3 a Coatepec no con buena fama\u2026 el que la hayan \u201crenunciado\u201d dice todo\u2026<br>A menos de un a\u00f1o, lo administrativamente (des)hecho en el Ayuntamiento es consecuencia de un personaje que lleg\u00f3 a la presidencia municipal de Coatepec, sin tener m\u00ednima idea de qu\u00e9 hacer, sin un proyecto de trabajo, deseando que cada d\u00eda, al despertar, sea ya el cuarto a\u00f1o de Gobierno porque de manera administrativa, pol\u00edtica, personal, Raymundo Andrade Rivera est\u00e1 derrotado y \u00e9l mismo lo ha dicho: ya no tiene ninguna otra aspiraci\u00f3n porque cumpli\u00f3 lo que quer\u00eda: ser presidente municipal y en una de \u00e9sas, puede que tenga un ingrediente en la percepci\u00f3n ciudadana su sue\u00f1o: Ser el Peor Presidente Municipal que haya tenido Coatepec\u2026 y no ha cumplido el a\u00f1o de Gobierno.<br>Si bien, nadie le puede exigir a nadie ambici\u00f3n, aspiraci\u00f3n, deseos, lo m\u00ednimo que esperan los ciudadanos que votaron por Raymundo Andrade es que haga algo, que se vea trabajo\u2026<br>Similar sentimiento ocurre en los morenos: si Raymundo no pretende nada, al menos que trabaje para el partido, o para alguien de su grupo si es que lo tiene, que demuestre fuerza, porque en ese Ayuntamiento, hay muchos curas para una misa\u2026 manda la S\u00edndica Linda Rub\u00ed Mart\u00ednez D\u00edaz y la regidora Tizania Quijada L\u00f3pez, que en buen cristiano se traduce en Bola 8\u2026 Hay quienes le conceden tambi\u00e9n poder al secretario de Ayuntamiento Gaspar P\u00e9rez \u00c1lvarez as\u00ed como al Contralor\u2026 \u00a1vamos! hasta Karina, la hermana de Raymundo, quien sin tener jerarqu\u00eda dentro del DIF municipal, est\u00e1 por encima de la maestra Marcela Vel\u00e1zquez L\u00f3pez y de la directora Arely Bonilla, a quien por cierto, le aplicaron la \u201cFrozen\u201d: \u00a1M\u00e1s congelada y fr\u00eda que Elsa!<br>En Coatepec, los \u00faltimos acontecimientos sumados a lo err\u00e1tico de la administraci\u00f3n desde su g\u00e9nesis, lleva ya a los coatepecanos a preguntarse dos cosas:<br>La primera\u2026 \u00bfSer\u00e1 capaz Raymundo de convertirse en el Peor Alcalde de Coatepec, al menos en lo que va de este siglo? Y conste, el antecedente es muy fuerte con un Manolo S\u00e1nchez, denunciado por la entonces regidora Marina Parra, por amenazas tras un enunciado que pronunci\u00f3 el entonces edil: \u201c\u00a1la voy a enfriar\u201d! Y eso que eran del mismo partido: PAN. Ya no citamos en c\u00f3mo dej\u00f3 administrativamente al ayuntamiento\u2026 El otro caso es Juanelo, quien fue se\u00f1alado de ser el autor intelectual del homicidio de su tesorero\u2026 Ahora, a Raymundo, con apenas menos de un a\u00f1o al frente del Ayuntamiento, se le est\u00e1 fincando la responsabilidad por el \u201chomicidio\u201d de las esperanzas no s\u00f3lo de los ciudadanos, sino incluso de los mismos morenos que lo llevaron al Palacio municipal\u2026 \u00bfpodr\u00e1 superar a Manolo y a Juanelo?<br>La segunda\u2026 Los coatepecanos se preguntan si no ser\u00e1 capaz su diputado local, Luis Ronaldo Z\u00e1rate o en su defecto, el diputado federal, Pepe Yunes Zorrilla, de hacerle una modificaci\u00f3n a la Ley de Revocaci\u00f3n de Mandato, para que no s\u00f3lo sean sujetos a \u00e9sta, los Diputados, Senadores y el Presidente de la Rep\u00fablica, sino tambi\u00e9n alcance a los Presidentes Municipales\u2026 \u00a1para qu\u00e9 aguantarlo los cuatro a\u00f1os si est\u00e1 visto que no puede!<\/p>\n","protected":false},"excerpt":{"rendered":"<p>Salvador Mu\u00f1ozLos Pol\u00edticos El reciente desalojo de vendedores ambulantes con el uso de la fuerza p\u00fablica en \u201cCaostepec\u201d, es un problema que el mismo Ayuntamiento gener\u00f3 al ser el primero en abrirles el espacio a los antorchistas, en aras, hemos de suponer, de obtener ingresos, entradas, recursos\u2026 \u00bfpara qu\u00e9? es lo que quisieran saber los [&hellip;]<\/p>\n","protected":false},"author":2,"featured_media":0,"comment_status":"closed","ping_status":"closed","sticky":false,"template":"","format":"standard","meta":{"_jetpack_newsletter_access":"","_jetpack_dont_email_post_to_subs":false,"_jetpack_newsletter_tier_id":0,"_jetpack_memberships_contains_paywalled_content":false,"_jetpack_memberships_contains_paid_content":false,"footnotes":""},"categories":[70],"tags":[35378,35430,277,12299,35432,14795,35433,10841,26754,35431,1026,246,13203,2646,31817],"class_list":["post-96051","post","type-post","status-publish","format-standard","hentry","category-de-opinion","tag-antorchistas","tag-caostepec","tag-coatepec","tag-eric-cisneros-burgos","tag-gaspar-perez-alvarez","tag-gloria-galvan","tag-ley-de-revocacion-de-mandato","tag-linda-rubi-martinez-diaz","tag-luis-ronaldo-zarate","tag-maria-de-la-paz-pozos-gonzalez","tag-morena","tag-pepe-yunes-zorrilla","tag-raymundo-andrade-rivera","tag-salvador-munoz","tag-tizania-quijada-lopez"],"jetpack_featured_media_url":"","jetpack_sharing_enabled":true,"jetpack_shortlink":"https:\/\/wp.me\/p4Qcd3-oZd","_links":{"self":[{"href":"https:\/\/lospoliticosveracruz.com.mx\/index.php?rest_route=\/wp\/v2\/posts\/96051","targetHints":{"allow":["GET"]}}],"collection":[{"href":"https:\/\/lospoliticosveracruz.com.mx\/index.php?rest_route=\/wp\/v2\/posts"}],"about":[{"href":"https:\/\/lospoliticosveracruz.com.mx\/index.php?rest_route=\/wp\/v2\/types\/post"}],"author":[{"embeddable":true,"href":"https:\/\/lospoliticosveracruz.com.mx\/index.php?rest_route=\/wp\/v2\/users\/2"}],"replies":[{"embeddable":true,"href":"https:\/\/lospoliticosveracruz.com.mx\/index.php?rest_route=%2Fwp%2Fv2%2Fcomments&post=96051"}],"version-history":[{"count":1,"href":"https:\/\/lospoliticosveracruz.com.mx\/index.php?rest_route=\/wp\/v2\/posts\/96051\/revisions"}],"predecessor-version":[{"id":96052,"href":"https:\/\/lospoliticosveracruz.com.mx\/index.php?rest_route=\/wp\/v2\/posts\/96051\/revisions\/96052"}],"wp:attachment":[{"href":"https:\/\/lospoliticosveracruz.com.mx\/index.php?rest_route=%2Fwp%2Fv2%2Fmedia&parent=96051"}],"wp:term":[{"taxonomy":"category","embeddable":true,"href":"https:\/\/lospoliticosveracruz.com.mx\/index.php?rest_route=%2Fwp%2Fv2%2Fcategories&post=96051"},{"taxonomy":"post_tag","embeddable":true,"href":"https:\/\/lospoliticosveracruz.com.mx\/index.php?rest_route=%2Fwp%2Fv2%2Ftags&post=96051"}],"curies":[{"name":"wp","href":"https:\/\/api.w.org\/{rel}","templated":true}]}}