{"id":96566,"date":"2022-10-09T18:42:27","date_gmt":"2022-10-09T23:42:27","guid":{"rendered":"https:\/\/lospoliticosveracruz.com.mx\/?p=96566"},"modified":"2022-10-09T18:42:35","modified_gmt":"2022-10-09T23:42:35","slug":"credibilidad","status":"publish","type":"post","link":"https:\/\/lospoliticosveracruz.com.mx\/?p=96566","title":{"rendered":"CREDIBILIDAD"},"content":{"rendered":"\n<p><strong>Guadalupe H. Mar<\/strong><\/p>\n\n\n\n<p><em>Mira Pol\u00edtica<\/em><\/p>\n\n\n\n<p><strong>SIN\u00d3MINO DE HONORABILIDAD<\/strong> \u2026 \u201cEl capital de un periodista es su credibilidad\u201d, es premisa en la que han coincido autores y periodistas como Javier Dar\u00edo Restrepo, colombiano fallecido hace algunos a\u00f1os, quien escribi\u00f3 unos veinte libros sobre \u00e9tica period\u00edstica y fund\u00f3 junto con Gabriel Garc\u00eda M\u00e1rquez, el Consultorio \u00c9tico de la Fundaci\u00f3n Gabo.<\/p>\n\n\n\n<p>Sin credibilidad, dec\u00eda Javier Dar\u00edo Restrepo, un medio de comunicaci\u00f3n y un periodista, se vuelven prescindibles.<\/p>\n\n\n\n<p>Justo a \u00e9l recordamos luego de que los gobernadores morenistas de los estados de Puebla y Veracruz, Luis Miguel Ger\u00f3nimo Barbosa Huerta y Cuitl\u00e1huac Garc\u00eda Jim\u00e9nez, salieron a desmentir p\u00fablicamente los supuestos asaltos masivos que presuntamente se han cometido en la autopista Veracruz-Puebla, a la altura de lo que se conoce como Cumbres de Maltrata, sobre todo el \u00faltimo que se dice se cometi\u00f3 la noche del pasado mi\u00e9rcoles cinco de octubre.<\/p>\n\n\n\n<p>Ambos, Barbosa Huerta y Garc\u00eda Jim\u00e9nez, coincidieron en que oficialmente no hay reportes de los presuntos 40 conductores asaltados, bas\u00e1ndose en el hecho de que ni la Fiscal\u00eda General del estado de Veracruz (Fgever), ni la de Puebla (FGP), hab\u00edan recibido denuncias formales al respecto.<\/p>\n\n\n\n<p>Encarrerado, el abogado Luis Miguel Ger\u00f3nimo Barbosa Huerta, mandatario estatal de Puebla, asegur\u00f3: \u201cNi Veracruz ni Puebla tienen reportes ciertos de que haya ocurrido ese hecho, al parecer es de esas notificaciones para provocar terror, (\u2026) para crear terror entre la gente y crear condiciones de p\u00e1nico y son mentes enfermas pues las que hacen ese tipo de cosas, entonces es falso\u201d, desmintiendo con ello las versiones que circularon en las benditas redes sociales, sobre todo en el Twiter.<\/p>\n\n\n\n<p>El ingeniero mec\u00e1nico electricista Cuitl\u00e1huac Garc\u00eda Jim\u00e9nez, gobernador veracruzano no llam\u00f3 \u201cmentes enfermas\u201d a quienes difundieron las versiones de ese asalto masivo del mi\u00e9rcoles cinco de octubre, pero al igual que la Secretar\u00eda de Seguridad P\u00fablica (SSP) en Veracruz, desmintieron la versi\u00f3n y la calificaron de falsa.<\/p>\n\n\n\n<p>Con palabras, de las que se lleva el viento, ambos mandatarios estatales desmintieron y dudaron de la credibilidad de los videos que TV Azteca difundi\u00f3 en una nota que titul\u00f3: \u201cOtro asalto masivo y armas largas en autopista Orizaba-Puebla\u201d, as\u00ed como la de <em>Televisa<\/em> titulada: \u201cReportan asalto masivo de automovilistas en carretera de Veracruz tras accidente\u201d, basada en la versi\u00f3n del peri\u00f3dico <em>El Financiero<\/em>.<\/p>\n\n\n\n<p>Al igual que las televisoras, varios medios de comunicaci\u00f3n digitales que tambi\u00e9n publicaron la versi\u00f3n del presunto asalto en las cumbres de Maltrata, fueron desmentidos por Luis Miguel Ger\u00f3nimo Barbosa Huerta y Cuitl\u00e1huac Garc\u00eda Jim\u00e9nez, gobernadores de los estados de Puebla y Veracruz respectivamente, y a casi una semana de eso, la audiencia en general est\u00e1 a la espera de que alg\u00fan medio de comunicaci\u00f3n o periodista alguno, salga en defensa de su honorabilidad, de su credibilidad.<\/p>\n\n\n\n<p>Es cierto, las cosas hay que tomarlas de quien vienen, pero en este caso est\u00e1 en juego la credibilidad.<\/p>\n\n\n\n<p><strong>A PUNTO DEL PANTOQUEO<\/strong> \u2026 Catorce a\u00f1os despu\u00e9s de su atraque en el muelle del malec\u00f3n de la cabecera municipal de Boca del R\u00edo, para convertirse en el primer museo naval interactivo de Latinoam\u00e9rica, el buque ca\u00f1onero Guanajuato C-07, est\u00e1 a punto de hundirse en las aguas del r\u00edo Jamapa por una simple y sencilla raz\u00f3n, falta de mantenimiento.<\/p>\n\n\n\n<p>Este buque, que se mantuvo activo al servicio de la Armada de M\u00e9xico, durante 65 a\u00f1os, muchos de los cuales fue escuela para los estudiantes del Heroico Colegio Naval, fue donado por el gobierno federal al del estado de Veracruz, en 2001.<\/p>\n\n\n\n<p>Varios a\u00f1os despu\u00e9s, en 2005, el gobierno estatal veracruzano lo entreg\u00f3 al Ayuntamiento de Boca del R\u00edo, interesado en convertirlo en museo y as\u00ed volverlo atractivo tur\u00edstico para ese municipio, con el compromiso de repararlo y mantenerlo.<\/p>\n\n\n\n<p>A\u00f1os despu\u00e9s, en 2017, el cabildo municipal de Boca del R\u00edo autoriz\u00f3 ceder en comodato este buque a la empresa con raz\u00f3n social Acuaterra Ventus S.C, que adem\u00e1s del museo, lo convirti\u00f3 en restaurante, cantina, discoteca, sin darle mantenimiento y dejando el buque pr\u00e1cticamente a la deriva.<\/p>\n\n\n\n<p>Abierto al p\u00fablico en 2008, el buque ca\u00f1onero Guanajuato C-07 se encuentra hoy en tan p\u00e9simas condiciones f\u00edsicas, que especialistas del ramo temen que el barco se hunda en una crecida del rio Jamapa, ya que por falta de mantenimiento se le puede abrir una v\u00eda de agua, o sea, que se le abra un hoyo a su estructura.<\/p>\n\n\n\n<p>Por ello urge una posible soluci\u00f3n a este asunto, m\u00e1s que acusar a posibles culpables o responsables de tama\u00f1a irresponsabilidad.<\/p>\n\n\n\n<p><strong>D\u00cdGALO SIN MIEDO<\/strong> \u2026 Al correo electr\u00f3nico <a href=\"mailto:guadalupehmar@yahoo.com\">guadalupehmar@yahoo.com<\/a><\/p>\n","protected":false},"excerpt":{"rendered":"<p>Guadalupe H. Mar Mira Pol\u00edtica SIN\u00d3MINO DE HONORABILIDAD \u2026 \u201cEl capital de un periodista es su credibilidad\u201d, es premisa en la que han coincido autores y periodistas como Javier Dar\u00edo Restrepo, colombiano fallecido hace algunos a\u00f1os, quien escribi\u00f3 unos veinte libros sobre \u00e9tica period\u00edstica y fund\u00f3 junto con Gabriel Garc\u00eda M\u00e1rquez, el Consultorio \u00c9tico de [&hellip;]<\/p>\n","protected":false},"author":2,"featured_media":0,"comment_status":"closed","ping_status":"closed","sticky":false,"template":"","format":"standard","meta":{"_jetpack_newsletter_access":"","_jetpack_dont_email_post_to_subs":false,"_jetpack_newsletter_tier_id":0,"_jetpack_memberships_contains_paywalled_content":false,"_jetpack_memberships_contains_paid_content":false,"footnotes":""},"categories":[70],"tags":[1563,34662,14647,1026,195],"class_list":["post-96566","post","type-post","status-publish","format-standard","hentry","category-de-opinion","tag-cuitlahuac-garcia-jimenez","tag-cumbres-de-maltrata","tag-luis-miguel-barbosa","tag-morena","tag-veracruz"],"jetpack_featured_media_url":"","jetpack_sharing_enabled":true,"jetpack_shortlink":"https:\/\/wp.me\/p4Qcd3-p7w","_links":{"self":[{"href":"https:\/\/lospoliticosveracruz.com.mx\/index.php?rest_route=\/wp\/v2\/posts\/96566","targetHints":{"allow":["GET"]}}],"collection":[{"href":"https:\/\/lospoliticosveracruz.com.mx\/index.php?rest_route=\/wp\/v2\/posts"}],"about":[{"href":"https:\/\/lospoliticosveracruz.com.mx\/index.php?rest_route=\/wp\/v2\/types\/post"}],"author":[{"embeddable":true,"href":"https:\/\/lospoliticosveracruz.com.mx\/index.php?rest_route=\/wp\/v2\/users\/2"}],"replies":[{"embeddable":true,"href":"https:\/\/lospoliticosveracruz.com.mx\/index.php?rest_route=%2Fwp%2Fv2%2Fcomments&post=96566"}],"version-history":[{"count":1,"href":"https:\/\/lospoliticosveracruz.com.mx\/index.php?rest_route=\/wp\/v2\/posts\/96566\/revisions"}],"predecessor-version":[{"id":96568,"href":"https:\/\/lospoliticosveracruz.com.mx\/index.php?rest_route=\/wp\/v2\/posts\/96566\/revisions\/96568"}],"wp:attachment":[{"href":"https:\/\/lospoliticosveracruz.com.mx\/index.php?rest_route=%2Fwp%2Fv2%2Fmedia&parent=96566"}],"wp:term":[{"taxonomy":"category","embeddable":true,"href":"https:\/\/lospoliticosveracruz.com.mx\/index.php?rest_route=%2Fwp%2Fv2%2Fcategories&post=96566"},{"taxonomy":"post_tag","embeddable":true,"href":"https:\/\/lospoliticosveracruz.com.mx\/index.php?rest_route=%2Fwp%2Fv2%2Ftags&post=96566"}],"curies":[{"name":"wp","href":"https:\/\/api.w.org\/{rel}","templated":true}]}}