{"id":96578,"date":"2022-10-10T07:38:35","date_gmt":"2022-10-10T12:38:35","guid":{"rendered":"https:\/\/lospoliticosveracruz.com.mx\/?p=96578"},"modified":"2022-10-10T07:38:39","modified_gmt":"2022-10-10T12:38:39","slug":"la-mas-brava-de-todas-las-calamidades","status":"publish","type":"post","link":"https:\/\/lospoliticosveracruz.com.mx\/?p=96578","title":{"rendered":"LA M\u00c1S BRAVA DE TODAS LAS CALAMIDADES"},"content":{"rendered":"\n<p><\/p>\n\n\n\n<p><strong>Bernardo Guti\u00e9rrez Parra<\/strong><br><em>Desde el Caf\u00e9<\/em><\/p>\n\n\n\n<p>La primera vez que escuch\u00e9 una definici\u00f3n sobre pobreza extrema fue en la secundaria: \u201cEs cuando lo que gana el jefe de una familia o toda una familia, no alcanza para comer y menos para cubrir otras necesidades indispensables como el vestido o el calzado\u201d, nos dijo el maestro Argote.<\/p>\n\n\n<div class=\"wp-block-image\">\n<figure class=\"alignleft size-medium is-resized\"><a href=\"https:\/\/lospoliticosveracruz.com.mx\/wp-content\/uploads\/2021\/10\/Zacauilt.jpg\"><img loading=\"lazy\" decoding=\"async\" src=\"https:\/\/lospoliticosveracruz.com.mx\/wp-content\/uploads\/2021\/10\/Zacauilt-150x300.jpg\" alt=\"\" class=\"wp-image-80558\" width=\"162\" height=\"323\"\/><\/a><\/figure><\/div>\n\n\n<p>A lo largo de cincuenta a\u00f1os he escuchado m\u00e1s definiciones de especialistas que dicen en su parte medular lo que o\u00ed de mi maestro.<\/p>\n\n\n\n<p>Dos de las lianas de las que se colg\u00f3 L\u00f3pez Obrador como candidato fueron la pobreza y la pobreza extrema a las que prometi\u00f3 combatir con programas sociales y apoyos a grupos vulnerables.<\/p>\n\n\n\n<p>Pero algo fall\u00f3 porque cuando lleg\u00f3 al poder hab\u00eda 52.1 millones de pobres (que ya eran un resto) y ahora hay 58.1 millones. En 2018 el 3.5% de los mexicanos, es decir, 4 millones, viv\u00eda en pobreza extrema. Ahora s\u00f3lo en Veracruz (cuya poblaci\u00f3n es de 8 millones de habitantes) hay 5 millones en esa condici\u00f3n.<\/p>\n\n\n\n<p>Esto no lo digo yo sino el Consejo Nacional de Evaluaci\u00f3n de la Pol\u00edtica de Desarrollo Social (CONEVAL) cuyo informe dice que el 60.8% de los veracruzanos (reitero, 5 millones) viven en pobreza extrema.<\/p>\n\n\n\n<p>Por su parte, la Comisi\u00f3n Econ\u00f3mica para Am\u00e9rica Latina y el Caribe (CEPAL), dijo que en lo que va del 2022 han ca\u00eddo en pobreza extrema casi 500 mil veracruzanos y contando.<\/p>\n\n\n\n<p>A nivel nacional la pobreza extrema est\u00e1 amenazando a 40 millones de mexicanos que ganan entre uno y dos salarios m\u00ednimos, con lo que no pueden comprar ni la mitad de productos de la Canasta B\u00e1sica.<\/p>\n\n\n\n<p>Una de las principales causas de estos flagelos es la inflaci\u00f3n que otros pa\u00edses combaten apenas la ven venir, pero en M\u00e9xico la tomamos con calma.<\/p>\n\n\n\n<p>Cuando lleg\u00f3 al 4% y los economistas dijeron que era la peor inflaci\u00f3n en 20 a\u00f1os, el presidente L\u00f3pez Obrador la desde\u00f1\u00f3 y la tom\u00f3 como cosa pasajera, pero no ha pasado, por el contrario, va en aumento. Y cuando lleg\u00f3 al 6% sali\u00f3 a decir que era un problema internacional y que en Estados Unidos estaban peor.<\/p>\n\n\n\n<p>Ahora que est\u00e1 arriba del 8% su gobierno lanz\u00f3 el Paquete Contra la Inflaci\u00f3n y la Carest\u00eda (PACIC) en su versi\u00f3n 2 a ver si pega, porque la primera versi\u00f3n no logr\u00f3 mantener los precios estables. Esta tampoco lo har\u00e1 porque la inflaci\u00f3n contin\u00faa hacia arriba fabricando m\u00e1s pobres y pobres en extremo.<\/p>\n\n\n\n<p>Que s\u00f3lo Veracruz tenga 5 millones de personas en extrema pobreza es como para que todas las alarmas estuvieran encendidas. Pero reitero lector, tanto en el gobierno federal como en el estatal se est\u00e1n tomando las cosas con calma cuando lo que urgen son medidas prontas y efectivas, porque lo que se compraba en enero con un billete de 100 ahora se compra con 157 pesos.<\/p>\n\n\n\n<p>Un portal de noticias nacionales se\u00f1al\u00f3 que en s\u00f3lo nueve meses los mexicanos somos m\u00e1s pobres y no nos hemos dado cuenta.<\/p>\n\n\n\n<p>Si eso es grave, m\u00e1s grave es la desidia gubernamental que parece no dimensionar el estallido que la bomba de la pobreza combinada con la miseria puede provocar. Una cosa es la violencia que como quiera que sea se aguanta y otra el hambre que es la m\u00e1s brava de todas las calamidades. Y esa no la aguanta nadie.<\/p>\n\n\n\n<p>Aguas.<\/p>\n\n\n\n<p><strong>Cumple Zenyazen compromiso en Coatza<\/strong><\/p>\n\n\n\n<p>Antes de concluir el domingo el secretario de Educaci\u00f3n, Zenyazen Escobar Garc\u00eda, acudi\u00f3 a las instalaciones de la Delegaci\u00f3n de la SEV en Coatzacoalcos para anunciar que hoy lunes dar\u00e1 el banderazo de arranque de obra para la rehabilitaci\u00f3n del inmueble, por un monto de diez millones de pesos.<\/p>\n\n\n\n<p>En meses pasados, durante una gira de trabajo por ese municipio, Zenyazen dialog\u00f3 con trabajadores que tomaron las instalaciones en demanda de mejores condiciones laborales y se comprometi\u00f3 a mejorar el edificio que se encuentra con infraestructura decadente.<\/p>\n\n\n\n<p>Este d\u00eda, al acudir al informe de labores de la diputada federal Tania Cruz Santos, el secretario se present\u00f3 en la Delegaci\u00f3n que supuestamente se encontraba tomada por los trabajadores, para platicar con ellos y darles la buena noticia de la aprobaci\u00f3n de recursos y licitaci\u00f3n; no obstante, se encontr\u00f3 con que el edificio estaba liberado.<\/p>\n\n\n\n<p>Pero a trav\u00e9s de un video difundido en sus redes sociales, Escobar Garc\u00eda dio a conocer la que hoy lunes por la ma\u00f1ana ir\u00e1 de nuevo para platicar con los empleados y arrancar los trabajos de rehabilitaci\u00f3n.<\/p>\n\n\n\n<p>\u201cSe estaba en espera de un fallo de licitaci\u00f3n; ma\u00f1ana (hoy) estaremos aqu\u00ed dando el banderazo para ejercer diez millones de pesos y mejorar las condiciones de los trabajadores\u201d, expres\u00f3 el servidor p\u00fablico, quien reiter\u00f3 su compromiso por transformar la educaci\u00f3n en Veracruz.<\/p>\n\n\n\n<p>bernardogup@hotmail.com<\/p>\n","protected":false},"excerpt":{"rendered":"<p>Bernardo Guti\u00e9rrez ParraDesde el Caf\u00e9 La primera vez que escuch\u00e9 una definici\u00f3n sobre pobreza extrema fue en la secundaria: \u201cEs cuando lo que gana el jefe de una familia o toda una familia, no alcanza para comer y menos para cubrir otras necesidades indispensables como el vestido o el calzado\u201d, nos dijo el maestro Argote. [&hellip;]<\/p>\n","protected":false},"author":2,"featured_media":0,"comment_status":"closed","ping_status":"closed","sticky":false,"template":"","format":"standard","meta":{"_jetpack_newsletter_access":"","_jetpack_dont_email_post_to_subs":false,"_jetpack_newsletter_tier_id":0,"_jetpack_memberships_contains_paywalled_content":false,"_jetpack_memberships_contains_paid_content":false,"footnotes":""},"categories":[70],"tags":[18758,371,1824,18732,88,12372],"class_list":["post-96578","post","type-post","status-publish","format-standard","hentry","category-de-opinion","tag-cepal","tag-coatzacoalcos","tag-coneval","tag-extrema-pobreza","tag-sev","tag-zenyazen-escobar-garcia"],"jetpack_featured_media_url":"","jetpack_sharing_enabled":true,"jetpack_shortlink":"https:\/\/wp.me\/p4Qcd3-p7I","_links":{"self":[{"href":"https:\/\/lospoliticosveracruz.com.mx\/index.php?rest_route=\/wp\/v2\/posts\/96578","targetHints":{"allow":["GET"]}}],"collection":[{"href":"https:\/\/lospoliticosveracruz.com.mx\/index.php?rest_route=\/wp\/v2\/posts"}],"about":[{"href":"https:\/\/lospoliticosveracruz.com.mx\/index.php?rest_route=\/wp\/v2\/types\/post"}],"author":[{"embeddable":true,"href":"https:\/\/lospoliticosveracruz.com.mx\/index.php?rest_route=\/wp\/v2\/users\/2"}],"replies":[{"embeddable":true,"href":"https:\/\/lospoliticosveracruz.com.mx\/index.php?rest_route=%2Fwp%2Fv2%2Fcomments&post=96578"}],"version-history":[{"count":1,"href":"https:\/\/lospoliticosveracruz.com.mx\/index.php?rest_route=\/wp\/v2\/posts\/96578\/revisions"}],"predecessor-version":[{"id":96579,"href":"https:\/\/lospoliticosveracruz.com.mx\/index.php?rest_route=\/wp\/v2\/posts\/96578\/revisions\/96579"}],"wp:attachment":[{"href":"https:\/\/lospoliticosveracruz.com.mx\/index.php?rest_route=%2Fwp%2Fv2%2Fmedia&parent=96578"}],"wp:term":[{"taxonomy":"category","embeddable":true,"href":"https:\/\/lospoliticosveracruz.com.mx\/index.php?rest_route=%2Fwp%2Fv2%2Fcategories&post=96578"},{"taxonomy":"post_tag","embeddable":true,"href":"https:\/\/lospoliticosveracruz.com.mx\/index.php?rest_route=%2Fwp%2Fv2%2Ftags&post=96578"}],"curies":[{"name":"wp","href":"https:\/\/api.w.org\/{rel}","templated":true}]}}