{"id":96604,"date":"2022-10-10T11:51:02","date_gmt":"2022-10-10T16:51:02","guid":{"rendered":"https:\/\/lospoliticosveracruz.com.mx\/?p=96604"},"modified":"2022-10-10T11:51:10","modified_gmt":"2022-10-10T16:51:10","slug":"no-sudan-calenturas-electorales","status":"publish","type":"post","link":"https:\/\/lospoliticosveracruz.com.mx\/?p=96604","title":{"rendered":"NO SUDAN CALENTURAS ELECTORALES!"},"content":{"rendered":"\n<p><strong>Karla M\u00e9ndez\u00a0<\/strong><\/p>\n\n\n\n<p>Xalapa, Ver.- Todos los diputados, diputadas y diputade local, por el momento no deben candidatearse, ya que tienen un compromiso con el pueblo veracruzano, as\u00ed lo sentenci\u00f3 el diputado presidente de la Junta de Coordinaci\u00f3n Pol\u00edtica (JUCOPO), Juan Javier G\u00f3mez Cazar\u00edn.<\/p>\n\n\n\n<p>En entrevista, el diputado se\u00f1al\u00f3 que loslegisladores son libres de tomar sus propias decisiones, sus encargos dentro del Congreso local apenas est\u00e1n iniciando, por lo que deben respetar los tiempos.<\/p>\n\n\n\n<p>\u201cYo no puedo estar en el pensamiento de cada uno de los diputados y aunque algunos digan: \u201cno pues es que ya viene el proceso\u201d, la verdad es que no, apenas vamos a cumplir el primer a\u00f1o aqu\u00ed, en el Congreso del Estado\u201d.<\/p>\n\n\n\n<p>En ese sentido, explic\u00f3 que ya platic\u00f3 con sus compa\u00f1eros diputados de la bancada de MORENA y les ha hecho ver que la prioridad por ahora es ver por las necesidades de la poblaci\u00f3n y que ya llegar\u00e1 el momento.<\/p>\n\n\n\n<p>\u201cNo puedo decirles a los dem\u00e1s que no se muevan pero lo que s\u00ed puedo decir es un yo estoy comprometido con mi trabajo, que los diputados, diputadas y diputade estamos comprometidos con el quehacer legislativo y trabajando por el bien de los veracruzanos; no nos vamos a estar metiendo todav\u00eda en esas acciones pol\u00edticas ni nos vamos a candidatear hasta que llegue su momento\u00bb.<\/p>\n","protected":false},"excerpt":{"rendered":"<p>Karla M\u00e9ndez\u00a0 Xalapa, Ver.- Todos los diputados, diputadas y diputade local, por el momento no deben candidatearse, ya que tienen un compromiso con el pueblo veracruzano, as\u00ed lo sentenci\u00f3 el diputado presidente de la Junta de Coordinaci\u00f3n Pol\u00edtica (JUCOPO), Juan Javier G\u00f3mez Cazar\u00edn. En entrevista, el diputado se\u00f1al\u00f3 que loslegisladores son libres de tomar sus [&hellip;]<\/p>\n","protected":false},"author":2,"featured_media":0,"comment_status":"closed","ping_status":"closed","sticky":false,"template":"","format":"standard","meta":{"_jetpack_newsletter_access":"","_jetpack_dont_email_post_to_subs":false,"_jetpack_newsletter_tier_id":0,"_jetpack_memberships_contains_paywalled_content":false,"_jetpack_memberships_contains_paid_content":false,"footnotes":""},"categories":[6446],"tags":[12695,9418,1026],"class_list":["post-96604","post","type-post","status-publish","format-standard","hentry","category-la-nota","tag-juan-javier-gomez-cazarin","tag-jucopo","tag-morena"],"jetpack_featured_media_url":"","jetpack_sharing_enabled":true,"jetpack_shortlink":"https:\/\/wp.me\/p4Qcd3-p88","_links":{"self":[{"href":"https:\/\/lospoliticosveracruz.com.mx\/index.php?rest_route=\/wp\/v2\/posts\/96604","targetHints":{"allow":["GET"]}}],"collection":[{"href":"https:\/\/lospoliticosveracruz.com.mx\/index.php?rest_route=\/wp\/v2\/posts"}],"about":[{"href":"https:\/\/lospoliticosveracruz.com.mx\/index.php?rest_route=\/wp\/v2\/types\/post"}],"author":[{"embeddable":true,"href":"https:\/\/lospoliticosveracruz.com.mx\/index.php?rest_route=\/wp\/v2\/users\/2"}],"replies":[{"embeddable":true,"href":"https:\/\/lospoliticosveracruz.com.mx\/index.php?rest_route=%2Fwp%2Fv2%2Fcomments&post=96604"}],"version-history":[{"count":1,"href":"https:\/\/lospoliticosveracruz.com.mx\/index.php?rest_route=\/wp\/v2\/posts\/96604\/revisions"}],"predecessor-version":[{"id":96606,"href":"https:\/\/lospoliticosveracruz.com.mx\/index.php?rest_route=\/wp\/v2\/posts\/96604\/revisions\/96606"}],"wp:attachment":[{"href":"https:\/\/lospoliticosveracruz.com.mx\/index.php?rest_route=%2Fwp%2Fv2%2Fmedia&parent=96604"}],"wp:term":[{"taxonomy":"category","embeddable":true,"href":"https:\/\/lospoliticosveracruz.com.mx\/index.php?rest_route=%2Fwp%2Fv2%2Fcategories&post=96604"},{"taxonomy":"post_tag","embeddable":true,"href":"https:\/\/lospoliticosveracruz.com.mx\/index.php?rest_route=%2Fwp%2Fv2%2Ftags&post=96604"}],"curies":[{"name":"wp","href":"https:\/\/api.w.org\/{rel}","templated":true}]}}