{"id":96638,"date":"2022-10-11T07:39:37","date_gmt":"2022-10-11T12:39:37","guid":{"rendered":"https:\/\/lospoliticosveracruz.com.mx\/?p=96638"},"modified":"2022-10-11T07:39:41","modified_gmt":"2022-10-11T12:39:41","slug":"toma-todo-el-juego-de-siempre","status":"publish","type":"post","link":"https:\/\/lospoliticosveracruz.com.mx\/?p=96638","title":{"rendered":"TOMA TODO, EL JUEGO DE SIEMPRE"},"content":{"rendered":"\n<p><strong>Bernardo Guti\u00e9rrez Parra\u00a0<\/strong><\/p>\n\n\n\n<p><em>Desde el Caf\u00e9\u00a0<\/em><\/p>\n\n\n\n<p>A las maltrechas carreteras de Veracruz les hac\u00eda falta una nader\u00eda para quedar intransitables y esa nader\u00eda la provocaron las lluvias torrenciales de septiembre.&nbsp;<\/p>\n\n\n\n<p>En otros tiempos un secretario de Comunicaciones que se preciara de serlo sol\u00eda declarar: \u201cTenemos recursos suficientes para reparar las carreteras afectadas\u201d, aunque s\u00f3lo arreglara dos. Pero en estos tiempos de realismo salvaje el titular de la SIOP, Elio Hern\u00e1ndez Guti\u00e9rrez, manifest\u00f3 que su dependencia \u201cno cuenta con recursos para atender la red de carreteras afectadas por las lluvias\u201d.<\/p>\n\n\n<div class=\"wp-block-image\">\n<figure class=\"alignleft size-medium\"><a href=\"https:\/\/lospoliticosveracruz.com.mx\/wp-content\/uploads\/2021\/10\/WhatsApp-Image-2021-10-02-at-15.20.25.jpeg\"><img loading=\"lazy\" decoding=\"async\" width=\"212\" height=\"300\" src=\"https:\/\/lospoliticosveracruz.com.mx\/wp-content\/uploads\/2021\/10\/WhatsApp-Image-2021-10-02-at-15.20.25-212x300.jpeg\" alt=\"\" class=\"wp-image-80177\" srcset=\"https:\/\/lospoliticosveracruz.com.mx\/wp-content\/uploads\/2021\/10\/WhatsApp-Image-2021-10-02-at-15.20.25-212x300.jpeg 212w, https:\/\/lospoliticosveracruz.com.mx\/wp-content\/uploads\/2021\/10\/WhatsApp-Image-2021-10-02-at-15.20.25-724x1024.jpeg 724w, https:\/\/lospoliticosveracruz.com.mx\/wp-content\/uploads\/2021\/10\/WhatsApp-Image-2021-10-02-at-15.20.25-768x1086.jpeg 768w, https:\/\/lospoliticosveracruz.com.mx\/wp-content\/uploads\/2021\/10\/WhatsApp-Image-2021-10-02-at-15.20.25.jpeg 905w\" sizes=\"auto, (max-width: 212px) 100vw, 212px\" \/><\/a><\/figure><\/div>\n\n\n<p>Ah caray. \u00bfQu\u00e9 le hizo a los 2 mil millones de pesos destinados para ese rubro? Digo, porque seg\u00fan el Sistema Integral de Administraci\u00f3n Financiera del Estado, fueron 2 mil millones de pesos y no 1,200 millones como dice el propio Elio.&nbsp;<\/p>\n\n\n\n<p>Pero suponiendo sin conceder que en efecto s\u00f3lo le presupuestaron 1,200 millones de pesos. \u00bfD\u00f3nde se fue tanta lana? \u00bfC\u00f3mo que ya se acab\u00f3?<\/p>\n\n\n\n<p>Esto viene a colaci\u00f3n porque ayer lunes en su ma\u00f1anera, el presidente L\u00f3pez Obrador expres\u00f3 su molestia por el mal estado de la carretera Coatzacoalcos-Minatitl\u00e1n que tiene m\u00e1s hoyos que un queso gruyere. \u201cDeber\u00edan utilizar el presupuesto que se les env\u00eda\u2026\u201d, dijo.&nbsp;&nbsp;Aunque ese comentario debi\u00f3 cambiarlo por la pregunta: \u201c\u00bfQu\u00e9 le han hecho al presupuesto que se les env\u00eda?\u201d&nbsp;<\/p>\n\n\n\n<p>Y es que por poco que sea, no se ve en d\u00f3nde lo han utilizado pues lo mismo est\u00e1n intransitables las carreteras del sur que las del centro y norte de la entidad.&nbsp;<\/p>\n\n\n\n<p>Tras el desliz Elio trat\u00f3 de corregir la plana: \u201cAhorita no tenemos recursos, pero siempre que hay alg\u00fan desastre vemos la manera de sacarlos. M\u00e1s bien, la Secretar\u00eda de Finanzas ve de d\u00f3nde saca el recurso para atender las necesidades\u201d.&nbsp;<\/p>\n\n\n\n<p>Y eso va a suceder.&nbsp;<\/p>\n\n\n\n<p>Aunque el presidente no mencion\u00f3 el nombre del gobernador sino que hizo referencia al gobierno de Veracruz, el ba\u00f1o y jal\u00f3n de orejas fueron para Cuitl\u00e1huac Garc\u00eda que quiz\u00e1 ya habl\u00f3 con el titular de Sefiplan, Jos\u00e9 Luis Lima Franco, para que le eche la mano a Elio y \u00e9ste deje decente el tramo Coatza-Mina.&nbsp;&nbsp;<\/p>\n\n\n\n<p>Es decir, dinero habr\u00e1 para arreglar el tramo. El problema para Elio ser\u00e1 justificar con datos duros, qu\u00e9 diablos le hizo a 2 mil millones de pesos. Y es de esperarse que tenga con qu\u00e9.&nbsp;<\/p>\n\n\n\n<p>Otro que trae una bronca m\u00e1s o menos de ese tama\u00f1o es el ex titular de la Secretar\u00eda de Salud, Roberto Ramos Alor, al que el ORFIS le detect\u00f3 un faltante de medicinas por casi 1,500 millones de pesos.<\/p>\n\n\n\n<p>En el papel Ramos Alor report\u00f3 m\u00e1s medicinas de las que realmente hab\u00eda en los almacenes de la dependencia y cuyo faltante es por un monto de 1,481 millones, 435 mil 649 pesos.&nbsp;<\/p>\n\n\n\n<p>Hace unos d\u00edas y al conque de no s\u00e9 qu\u00e9, L\u00f3pez Obrador dijo que aunque no le guste a sus adversarios la corrupci\u00f3n ha disminuido en el pa\u00eds, pero estos dos ejemplos dicen lo contrario.&nbsp;<\/p>\n\n\n\n<p>De Elio Hern\u00e1ndez Guti\u00e9rrez se ha dicho que ha construido carreteras con materiales de baja calidad, que ha inflado costos, que los trabajos han sido un fiasco (algunas carreteras se agrietaron o rompieron con las lluvias) y que ha administrado mal el presupuesto.&nbsp;<\/p>\n\n\n\n<p>De Ramos Alor se han dicho cosas peores. Los veracruzanos que lo han sufrido no lo bajan de transa, d\u00e9spota, favorecedor del nepotismo, mis\u00f3gino, corrupto, ladr\u00f3n y otras lindezas. En el caso de las medicinas, lo \u00fanico que faltaba era que el Orfis certificara el presunto desfalco. Y ya lo hizo.<\/p>\n\n\n\n<p>Pero mientras Morena siga siendo lo que es, ni a Elio ni a Roberto les calentar\u00e1n la cabeza con acusaciones penales.&nbsp;<\/p>\n\n\n\n<p>En fin lector, es lo mismo de cada sexenio; el mismo juego de siempre: toma todo.&nbsp;<\/p>\n\n\n\n<p>Ah\u00ed luego se ver\u00e1 c\u00f3mo se tapa el boquete.<\/p>\n\n\n\n<p>Pretende Sefiplan dejar menos adeudos&nbsp;<\/p>\n\n\n\n<p>El mi\u00e9rcoles anterior el diario El Economista public\u00f3 una interesante entrevista con el titular de la Secretar\u00eda de Finanzas, Jos\u00e9 Luis Lima Franco, donde asegura que Veracruz ocup\u00f3 el primer lugar de las 32 entidades al pagar 14,768 millones de pesos en adeudos al SAT, lo cual ha ayudado al balance de las finanzas estatales; no obstante, a\u00fan existen obligaciones pendientes.&nbsp;<\/p>\n\n\n\n<p>Entrevistado por el periodista Santiago Nolasco, Lima Franco dijo que desde el 2020 se han pagado al SAT cr\u00e9ditos fiscales, destacando un adeudo de 3,300 millones de pesos de Impuesto sobre la Renta (ISR) de la Universidad Veracruzana, as\u00ed como adeudos de la Fiscal\u00eda General de la entidad, asegur\u00f3.<\/p>\n\n\n\n<p>El secretario agreg\u00f3 que a\u00fan existe un adeudo importante de la Secretar\u00eda de Educaci\u00f3n estatal por cerca de 22,000 millones de pesos. \u201cPretendemos seguir pagando (adeudos) en lo que resta de la administraci\u00f3n y dejar lo menos posible de adeudos de impuestos\u201d.<\/p>\n\n\n\n<p>Sumado a lo anterior, Lima Franco explic\u00f3 que la administraci\u00f3n local tiene un adeudo con el ISSSTE de 16,000 millones de pesos con motivo de las aportaciones de los trabajadores y que no se enteraron al instituto de salud en el gobierno de Javier Duarte.<\/p>\n\n\n\n<p>Adem\u00e1s, datos del SAT revelan que Veracruz ha recuperado m\u00e1s 22,203 millones de pesos, de los cuales 12,457 millones corresponde al ISR sobre salarios y sueldos y 9,746 millones por el convenio fiscal federal, con lo cual fue la entidad que m\u00e1s ingresos recibi\u00f3 por esta v\u00eda.<\/p>\n\n\n\n<p>\u201cUna vez que tuvimos comunicaci\u00f3n con el SAT nos ayudaron con la capacitaci\u00f3n para los funcionarios y como consecuencia de la coordinaci\u00f3n estamos recuperando casi el 100% de lo que pagamos a la Federaci\u00f3n. Antes se nos devolv\u00eda 60 o 70%\u201d, finaliz\u00f3 Jos\u00e9 Luis Lima Franco.&nbsp;<\/p>\n\n\n\n<p>bernardogup@hotmail.com<\/p>\n","protected":false},"excerpt":{"rendered":"<p>Bernardo Guti\u00e9rrez Parra\u00a0 Desde el Caf\u00e9\u00a0 A las maltrechas carreteras de Veracruz les hac\u00eda falta una nader\u00eda para quedar intransitables y esa nader\u00eda la provocaron las lluvias torrenciales de septiembre.&nbsp; En otros tiempos un secretario de Comunicaciones que se preciara de serlo sol\u00eda declarar: \u201cTenemos recursos suficientes para reparar las carreteras afectadas\u201d, aunque s\u00f3lo arreglara [&hellip;]<\/p>\n","protected":false},"author":2,"featured_media":0,"comment_status":"closed","ping_status":"closed","sticky":false,"template":"","format":"standard","meta":{"_jetpack_newsletter_access":"","_jetpack_dont_email_post_to_subs":false,"_jetpack_newsletter_tier_id":0,"_jetpack_memberships_contains_paywalled_content":false,"_jetpack_memberships_contains_paid_content":false,"footnotes":""},"categories":[70],"tags":[14501,13713,1026,135,12606,995,640,342],"class_list":["post-96638","post","type-post","status-publish","format-standard","hentry","category-de-opinion","tag-elio-hernandez-gutierrez","tag-jose-luis-lima-franco","tag-morena","tag-orfis","tag-roberto-ramos-alor","tag-secretaria-de-salud","tag-sefiplan","tag-siop"],"jetpack_featured_media_url":"","jetpack_sharing_enabled":true,"jetpack_shortlink":"https:\/\/wp.me\/p4Qcd3-p8G","_links":{"self":[{"href":"https:\/\/lospoliticosveracruz.com.mx\/index.php?rest_route=\/wp\/v2\/posts\/96638","targetHints":{"allow":["GET"]}}],"collection":[{"href":"https:\/\/lospoliticosveracruz.com.mx\/index.php?rest_route=\/wp\/v2\/posts"}],"about":[{"href":"https:\/\/lospoliticosveracruz.com.mx\/index.php?rest_route=\/wp\/v2\/types\/post"}],"author":[{"embeddable":true,"href":"https:\/\/lospoliticosveracruz.com.mx\/index.php?rest_route=\/wp\/v2\/users\/2"}],"replies":[{"embeddable":true,"href":"https:\/\/lospoliticosveracruz.com.mx\/index.php?rest_route=%2Fwp%2Fv2%2Fcomments&post=96638"}],"version-history":[{"count":1,"href":"https:\/\/lospoliticosveracruz.com.mx\/index.php?rest_route=\/wp\/v2\/posts\/96638\/revisions"}],"predecessor-version":[{"id":96639,"href":"https:\/\/lospoliticosveracruz.com.mx\/index.php?rest_route=\/wp\/v2\/posts\/96638\/revisions\/96639"}],"wp:attachment":[{"href":"https:\/\/lospoliticosveracruz.com.mx\/index.php?rest_route=%2Fwp%2Fv2%2Fmedia&parent=96638"}],"wp:term":[{"taxonomy":"category","embeddable":true,"href":"https:\/\/lospoliticosveracruz.com.mx\/index.php?rest_route=%2Fwp%2Fv2%2Fcategories&post=96638"},{"taxonomy":"post_tag","embeddable":true,"href":"https:\/\/lospoliticosveracruz.com.mx\/index.php?rest_route=%2Fwp%2Fv2%2Ftags&post=96638"}],"curies":[{"name":"wp","href":"https:\/\/api.w.org\/{rel}","templated":true}]}}