{"id":96786,"date":"2022-10-13T10:09:50","date_gmt":"2022-10-13T15:09:50","guid":{"rendered":"https:\/\/lospoliticosveracruz.com.mx\/?p=96786"},"modified":"2022-10-13T10:09:55","modified_gmt":"2022-10-13T15:09:55","slug":"hombres-con-falda-3","status":"publish","type":"post","link":"https:\/\/lospoliticosveracruz.com.mx\/?p=96786","title":{"rendered":"HOMBRES CON FALDA"},"content":{"rendered":"\n<p><strong>Uriel Flores Aguayo<\/strong><\/p>\n\n\n\n<p>Un Maestro y alumnos de la facultad de derecho de la universidad veracruzana en Xalapa, hicieron lo que llamaron un experimento social, consistente en usar falda en un d\u00eda de actividades escolares. Dijeron hacerlo por los derechos humanos, para combatir estereotipos y reivindicar a las mujeres, adem\u00e1s de esperar una reflexi\u00f3n sobre los abusos machistas. Su acto fue de impacto medi\u00e1tico, gener\u00f3 notas y comentarios abundantes.<\/p>\n\n\n\n<figure class=\"wp-block-embed is-type-video is-provider-youtube wp-block-embed-youtube wp-embed-aspect-16-9 wp-has-aspect-ratio\"><div class=\"wp-block-embed__wrapper\">\n<span class=\"embed-youtube\" style=\"text-align:center; display: block;\"><iframe loading=\"lazy\" class=\"youtube-player\" width=\"750\" height=\"422\" src=\"https:\/\/www.youtube.com\/embed\/Nxe-vxf8GuY?version=3&#038;rel=1&#038;showsearch=0&#038;showinfo=1&#038;iv_load_policy=1&#038;fs=1&#038;hl=es-ES&#038;autohide=2&#038;wmode=transparent\" allowfullscreen=\"true\" style=\"border:0;\" sandbox=\"allow-scripts allow-same-origin allow-popups allow-presentation allow-popups-to-escape-sandbox\"><\/iframe><\/span>\n<\/div><\/figure>\n\n\n\n<p> No es f\u00e1cil, salvo un recuento minucioso en redes y medios, tener claro que tanto tiene de reflexi\u00f3n y que tanto de esc\u00e1ndalo su audaz iniciativa. En si misma es una actividad valiente y disruptiva. Es una forma directa y extrema de hacer un planteamiento. Su eficacia es secundaria sin dejar de considerarla provocadora y de inmediatas reacciones. Lograron amplia atenci\u00f3n. Ya se ver\u00e1 si contin\u00faan con alguna agenda m\u00e1s precisa y de mayor exposici\u00f3n con argumentos e ideas. Hay que reconocerles su arrojo, que tengan la valent\u00eda de hacer algo en un medio pasivo y conformista. Son dignos de reconocimiento. Pueden tener las motivaciones que sea, eso es lo de menos. Lo importante es intentarlo, abrir debate y se\u00f1alar una ruta donde se involucren los universitarios. Rompen la rutina del formalismo y retan a las definiciones. Que las formas son criticables, quien sabe; lo esencial es actuar sin atenerse a lo pol\u00edticamente correcto y las formas burocr\u00e1ticas de la universidad. Dan la lucha, son un ejemplo. Todo indica que estamos ante actos de convicci\u00f3n y aut\u00e9nticos. No es politiquer\u00eda, no es oportunismo, no es ocurrencia. Es una declaraci\u00f3n de amor a la diversidad, a la raz\u00f3n y al ser humano. Encuentro muchas razones para hacerles un reconocimiento y apoyarlos. Su paso apunta a la conciencia estudiantil, a la cultura y la civilizaci\u00f3n. Es una gota en el oc\u00e9ano machista, pero una gota con esencia y repercusiones. De gota a gota se taladra la roca de la ignorancia y el abuso. Es, sobre todo, un acto pacifico, una propuesta de acci\u00f3n y la convocatoria amplia a la sociedad para involucrarnos en la vida colectiva. Muy bien por el Maestro Arturo y sus alumnos.<\/p>\n\n\n\n<p>Nuestra sociedad est\u00e1 rodeada de violencia de todo tipo y en todos los \u00e1mbitos. Desde el discurso del poder vestido de una supuesta transformaci\u00f3n hasta lo qu\u00e9 pasa en las calles y en la secrec\u00eda del hogar. Por tanto, hay un enorme llamado a las conciencias en acciones como la de estos universitarios. Ya ni se diga del sometimiento en general que se aplica a las mujeres. Es un problema estructural, requiere atenci\u00f3n v\u00eda pol\u00edticas p\u00fablicas, instituciones, educaci\u00f3n y justicia. Es mucho lo que hace falta y llevar\u00e1 d\u00e9cadas ascender a una realidad m\u00e1s civilizada. Si es protesta, si es juego, si es testimonio, lo que sea, no importa; se valora el hecho. Es un acto de compromiso y consciencia social. Muchas acciones de denuncia, de protesta, de inconformidad y rebeld\u00eda urgen en este confuso e injusto M\u00e9xico. La creatividad es extra y bienvenida.<\/p>\n\n\n\n<p>Recadito: una l\u00e1stima la izquierda huesera, fr\u00edvola e idolatra que lleg\u00f3 al poder local.<br>Ufa.1959@gmail.com<\/p>\n","protected":false},"excerpt":{"rendered":"<p>Uriel Flores Aguayo Un Maestro y alumnos de la facultad de derecho de la universidad veracruzana en Xalapa, hicieron lo que llamaron un experimento social, consistente en usar falda en un d\u00eda de actividades escolares. Dijeron hacerlo por los derechos humanos, para combatir estereotipos y reivindicar a las mujeres, adem\u00e1s de esperar una reflexi\u00f3n sobre [&hellip;]<\/p>\n","protected":false},"author":2,"featured_media":0,"comment_status":"closed","ping_status":"closed","sticky":false,"template":"","format":"standard","meta":{"_jetpack_newsletter_access":"","_jetpack_dont_email_post_to_subs":false,"_jetpack_newsletter_tier_id":0,"_jetpack_memberships_contains_paywalled_content":false,"_jetpack_memberships_contains_paid_content":false,"footnotes":""},"categories":[70],"tags":[3356,219,2552],"class_list":["post-96786","post","type-post","status-publish","format-standard","hentry","category-de-opinion","tag-facultad-de-derecho","tag-universidad-veracruzana","tag-uriel-flores-aguayo"],"jetpack_featured_media_url":"","jetpack_sharing_enabled":true,"jetpack_shortlink":"https:\/\/wp.me\/p4Qcd3-pb4","_links":{"self":[{"href":"https:\/\/lospoliticosveracruz.com.mx\/index.php?rest_route=\/wp\/v2\/posts\/96786","targetHints":{"allow":["GET"]}}],"collection":[{"href":"https:\/\/lospoliticosveracruz.com.mx\/index.php?rest_route=\/wp\/v2\/posts"}],"about":[{"href":"https:\/\/lospoliticosveracruz.com.mx\/index.php?rest_route=\/wp\/v2\/types\/post"}],"author":[{"embeddable":true,"href":"https:\/\/lospoliticosveracruz.com.mx\/index.php?rest_route=\/wp\/v2\/users\/2"}],"replies":[{"embeddable":true,"href":"https:\/\/lospoliticosveracruz.com.mx\/index.php?rest_route=%2Fwp%2Fv2%2Fcomments&post=96786"}],"version-history":[{"count":1,"href":"https:\/\/lospoliticosveracruz.com.mx\/index.php?rest_route=\/wp\/v2\/posts\/96786\/revisions"}],"predecessor-version":[{"id":96787,"href":"https:\/\/lospoliticosveracruz.com.mx\/index.php?rest_route=\/wp\/v2\/posts\/96786\/revisions\/96787"}],"wp:attachment":[{"href":"https:\/\/lospoliticosveracruz.com.mx\/index.php?rest_route=%2Fwp%2Fv2%2Fmedia&parent=96786"}],"wp:term":[{"taxonomy":"category","embeddable":true,"href":"https:\/\/lospoliticosveracruz.com.mx\/index.php?rest_route=%2Fwp%2Fv2%2Fcategories&post=96786"},{"taxonomy":"post_tag","embeddable":true,"href":"https:\/\/lospoliticosveracruz.com.mx\/index.php?rest_route=%2Fwp%2Fv2%2Ftags&post=96786"}],"curies":[{"name":"wp","href":"https:\/\/api.w.org\/{rel}","templated":true}]}}