{"id":97133,"date":"2022-10-19T10:07:21","date_gmt":"2022-10-19T15:07:21","guid":{"rendered":"https:\/\/lospoliticosveracruz.com.mx\/?p=97133"},"modified":"2022-10-19T10:07:27","modified_gmt":"2022-10-19T15:07:27","slug":"vigilar-y-aprovechar-el-presupuesto-oficial","status":"publish","type":"post","link":"https:\/\/lospoliticosveracruz.com.mx\/?p=97133","title":{"rendered":"VIGILAR Y APROVECHAR EL PRESUPUESTO OFICIAL"},"content":{"rendered":"\n<p><strong>Rafael Arias Hern\u00e1ndez<br><\/strong><em>Mutatis mutandis<\/em><\/p>\n\n\n\n<p>La dependencia estatal, municipal y de organismos descentralizados, es evidente y notoria. Persiste el centralismo heredado y vigente respecto al \u00e1mbito federal. Muy poco se ha avanzado en la descentralizaci\u00f3n y fortalecimiento del presupuesto, que es sin duda, un determinante instrumento y tema prioritario para cualquier gobierno, que en verdad se disponga y comprometa a atender y servir.<\/p>\n\n\n\n<figure class=\"wp-block-embed is-type-video is-provider-youtube wp-block-embed-youtube wp-embed-aspect-16-9 wp-has-aspect-ratio\"><div class=\"wp-block-embed__wrapper\">\n<span class=\"embed-youtube\" style=\"text-align:center; display: block;\"><iframe loading=\"lazy\" class=\"youtube-player\" width=\"750\" height=\"422\" src=\"https:\/\/www.youtube.com\/embed\/Nxe-vxf8GuY?version=3&#038;rel=1&#038;showsearch=0&#038;showinfo=1&#038;iv_load_policy=1&#038;fs=1&#038;hl=es-ES&#038;autohide=2&#038;wmode=transparent\" allowfullscreen=\"true\" style=\"border:0;\" sandbox=\"allow-scripts allow-same-origin allow-popups allow-presentation allow-popups-to-escape-sandbox\"><\/iframe><\/span>\n<\/div><\/figure>\n\n\n\n<p>Incluso, hay que se\u00f1alar que, en esta larga tradici\u00f3n centralista, se ha comprobado que, hay algunos aspectos que deben reconocerse y que merecen ser consolidados y mejorados, en el important\u00edsimo aspecto de coordinaci\u00f3n y de esfuerzo com\u00fan, de todos los \u00e1mbitos de gobierno. Pues todos sin excepci\u00f3n, deben estar al servicio y atenci\u00f3n de la poblaci\u00f3n.<\/p>\n\n\n\n<p>Para empezar, hay que atender y ajustar la temporalidad de los procesos, as\u00ed como su efectividad. Debe mencionarse que en general se discute su elaboraci\u00f3n y preparaci\u00f3n; aunque no lo suficientemente en participaci\u00f3n, actualizaci\u00f3n y previsi\u00f3n, para lograr una mayor y mejor efectividad; y mucho menos, se ha dado la importancia debida, a la evaluaci\u00f3n sistem\u00e1tica y permanente; esto es, el conocimiento y consecuencias de lo realizado.<\/p>\n\n\n\n<p>\u00bfPor qu\u00e9 crece y crece el endeudamiento p\u00fablico? \u00bfEn d\u00f3nde est\u00e1 el seguimiento y control? \u00bfQu\u00e9 hay de la transparencia, el acceso a la informaci\u00f3n y la rendici\u00f3n de cuentas? \u00bfCu\u00e1l es la vigencia y efectividad del presupuesto por resultados? \u00bfQu\u00e9 hay de la costosa fiscalizaci\u00f3n, es indispensable? \u00bfY en qu\u00e9 ha quedado la urgente e imprescindible Contralor\u00eda social?<\/p>\n\n\n\n<p>Bien se sabe, que hay y no hay presupuesto, pues su aplicaci\u00f3n, por costumbre se ha relajado, de acuerdo con el poder y decisi\u00f3n de quienes dicen gobernar. Nada raro que se aplique y ejerza, a\u00fan con temas pendientes, porque se logra una aprobaci\u00f3n previa; incluso, que pase a ejercicio, sobre todo ante crisis financieras o econ\u00f3micas, y se \u201cnormalice\u201d, para que despu\u00e9s se hagan ajustes.<\/p>\n\n\n\n<p>Ante este tipo de cambios y ajustes, de improvisaciones y ocurrencias. \u00bfHay las explicaciones oportunas y pertinentes? \u00bfQu\u00e9 de la difusi\u00f3n, transparencia y acceso a esta informaci\u00f3n? \u00bfQu\u00e9 hacen las autoridades encargadas de vigilar y fiscalizar?<\/p>\n\n\n\n<p>As\u00ed que no es raro, que, durante el a\u00f1o, se realicen ajustes en los ingresos y egresos aprobados. Y tambi\u00e9n se compruebe que algunos aspectos siguen en discusi\u00f3n y revisi\u00f3n. Lo m\u00e1s interesante es que ante esa realidad cambiante, con frecuencia y por costumbre, se sostienen los mismos objetivos y metas, los mismos medios e instrumentos.<\/p>\n\n\n\n<p>Por el tama\u00f1o y la importancia de los recursos p\u00fablicos, se debe siempre, comprobar y verificar cada caso, \u201cver su efectividad dijo un ciego\u201d. Obligatorio informarse al respecto.<\/p>\n\n\n\n<p>A estas alturas debe se\u00f1alarse que se trata de hacer que se atiendan bien y a tiempo las actividades gubernamentales, empezando por el dise\u00f1o, construcci\u00f3n, aplicaci\u00f3n y evoluci\u00f3n del presupuesto.<\/p>\n\n\n\n<p>Prioridad que atender, sobre todo ante un contexto internacional complejo, y en ciertas formas inestable y adverso; contexto, que es preciso tener presente, porque muchos aspectos influyen y afectan; incluso, debe se\u00f1alarse, que algunos est\u00e1n fuera del alcance y control nacional. Por eso, al exterior hay que prestar toda la atenci\u00f3n, para mejorar el \u00e1mbito interno tanto en lo econ\u00f3mico-financiero, como en el bienestar social.<\/p>\n\n\n\n<p>Bajo esta perspectiva, es necesario poner la debida atenci\u00f3n a las pol\u00edticas p\u00fablicas respectivas. Fortalecer y armonizar lo que se va a hacer para que el Paquete Econ\u00f3mico del 2023, apuntale los objetivos y prop\u00f3sitos del Desarrollo y Bienestar nacional y regional. Esto es, exigir que se cumpla con la ley y con los compromisos adquiridos.<\/p>\n\n\n\n<p>Revisar, actualizar y apuntalar, tanto lo administrativo como lo fiscal, sobre todo cuando se ha expresado que se dedicaran importantes acciones y cuantiosos recursos, al combate de pobreza, hambre e inseguridad; al mismo tiempo que se rescata y fortalece la actividad econ\u00f3mica. Insisti\u00e9ndose, que debe prevalecer la responsabilidad y manejo equilibrado del presupuesto, pues en principio no se debe gastar m\u00e1s de lo que ingresa; y sostener que no habr\u00e1 m\u00e1s endeudamiento, ni aumentar\u00e1n impuestos y, que en general, se va a erradicar la corrupci\u00f3n, para asegurar, incrementar y aprovechar recursos.<\/p>\n\n\n\n<p>Destaca, que una de las cuestiones centrales es incrementar de forma significativa el gasto p\u00fablico, lo mismo en inversi\u00f3n en infraestructura f\u00edsica, que en gasto para el bienestar. Esto implica lograr una buena administraci\u00f3n, para recortar, reasignar y disciplinar monto y uso del presupuesto.<\/p>\n\n\n\n<p>Redise\u00f1ar, ajustar y atender, tanto monto y cobertura, como impactos y efectos del gasto corriente, para lograr en la austeridad y eficiencia gubernamental, una transformaci\u00f3n que incluya, en verdad, a las mayor\u00edas.<\/p>\n\n\n\n<p>Siempre oportuno tener presente, estos temas vitales del buen gobierno. No es posible, ni conveniente, ignorar o minimizar el tema del presupuesto. Recomendable, no desatender y abandonar derechos y libertades ciudadanas y de la sociedad. Preciso entender lo que se hace y dispone, en cuesti\u00f3n de patrimonio y finanzas p\u00fablicas.<\/p>\n\n\n\n<p>Sobre todo, para defender, sostener y mejorar lo que se haga bien. No todo esta mal, cuestan mucho logros y aciertos. Obligado conocer y apoyar el buen trabajo.<\/p>\n\n\n\n<p>Oportuna informaci\u00f3n, para m\u00e1s y mejor participaci\u00f3n.<\/p>\n\n\n\n<p>-Academico.IIESESUV @RafaelAriasH,Facebook:VeracruzHoydeRafaelAriasH<\/p>\n","protected":false},"excerpt":{"rendered":"<p>Rafael Arias Hern\u00e1ndezMutatis mutandis La dependencia estatal, municipal y de organismos descentralizados, es evidente y notoria. Persiste el centralismo heredado y vigente respecto al \u00e1mbito federal. Muy poco se ha avanzado en la descentralizaci\u00f3n y fortalecimiento del presupuesto, que es sin duda, un determinante instrumento y tema prioritario para cualquier gobierno, que en verdad se [&hellip;]<\/p>\n","protected":false},"author":2,"featured_media":0,"comment_status":"closed","ping_status":"closed","sticky":false,"template":"","format":"standard","meta":{"_jetpack_newsletter_access":"","_jetpack_dont_email_post_to_subs":false,"_jetpack_newsletter_tier_id":0,"_jetpack_memberships_contains_paywalled_content":false,"_jetpack_memberships_contains_paid_content":false,"footnotes":""},"categories":[70],"tags":[13209,35280,8032],"class_list":["post-97133","post","type-post","status-publish","format-standard","hentry","category-de-opinion","tag-finanzas-publicas","tag-paquete-economico-del-2023","tag-rafael-arias-hernandez"],"jetpack_featured_media_url":"","jetpack_sharing_enabled":true,"jetpack_shortlink":"https:\/\/wp.me\/p4Qcd3-pgF","_links":{"self":[{"href":"https:\/\/lospoliticosveracruz.com.mx\/index.php?rest_route=\/wp\/v2\/posts\/97133","targetHints":{"allow":["GET"]}}],"collection":[{"href":"https:\/\/lospoliticosveracruz.com.mx\/index.php?rest_route=\/wp\/v2\/posts"}],"about":[{"href":"https:\/\/lospoliticosveracruz.com.mx\/index.php?rest_route=\/wp\/v2\/types\/post"}],"author":[{"embeddable":true,"href":"https:\/\/lospoliticosveracruz.com.mx\/index.php?rest_route=\/wp\/v2\/users\/2"}],"replies":[{"embeddable":true,"href":"https:\/\/lospoliticosveracruz.com.mx\/index.php?rest_route=%2Fwp%2Fv2%2Fcomments&post=97133"}],"version-history":[{"count":1,"href":"https:\/\/lospoliticosveracruz.com.mx\/index.php?rest_route=\/wp\/v2\/posts\/97133\/revisions"}],"predecessor-version":[{"id":97134,"href":"https:\/\/lospoliticosveracruz.com.mx\/index.php?rest_route=\/wp\/v2\/posts\/97133\/revisions\/97134"}],"wp:attachment":[{"href":"https:\/\/lospoliticosveracruz.com.mx\/index.php?rest_route=%2Fwp%2Fv2%2Fmedia&parent=97133"}],"wp:term":[{"taxonomy":"category","embeddable":true,"href":"https:\/\/lospoliticosveracruz.com.mx\/index.php?rest_route=%2Fwp%2Fv2%2Fcategories&post=97133"},{"taxonomy":"post_tag","embeddable":true,"href":"https:\/\/lospoliticosveracruz.com.mx\/index.php?rest_route=%2Fwp%2Fv2%2Ftags&post=97133"}],"curies":[{"name":"wp","href":"https:\/\/api.w.org\/{rel}","templated":true}]}}