{"id":97334,"date":"2022-10-24T11:01:14","date_gmt":"2022-10-24T16:01:14","guid":{"rendered":"https:\/\/lospoliticosveracruz.com.mx\/?p=97334"},"modified":"2022-10-24T11:01:48","modified_gmt":"2022-10-24T16:01:48","slug":"voto-chiquito-copioso","status":"publish","type":"post","link":"https:\/\/lospoliticosveracruz.com.mx\/?p=97334","title":{"rendered":"VOTO CHIQUITO COPIOSO!"},"content":{"rendered":"\n<p><\/p>\n\n\n\n<p><strong>Enrique Yasser Pompeyo<br><\/strong><em>Xalapa<\/em><\/p>\n\n\n\n<p>En la Consulta Infantil y Juvenil 2021 participaron m\u00e1s de 15 mil menores, inform\u00f3 la vocal de Capacitaci\u00f3n Electoral y Educaci\u00f3n C\u00edvica de la Junta Distrital de Xalapa del Instituto Nacional Electoral, Rosal\u00eda Uscanga Castillo.<\/p>\n\n\n\n<p>\u00abHace un a\u00f1o, en el mes de noviembre participaron m\u00e1s de 15 mil ni\u00f1as, ni\u00f1os, j\u00f3venes, de entre 3 y 17 a\u00f1os en el municipio de Xalapa\u00bb.<\/p>\n\n\n\n<p>Al respecto, detall\u00f3 que se instalaron m\u00e1s de 140 casillas en espacios de oficina como el Organismo P\u00fablico Local Electoral de Veracruz (OPLE), las Juntas Local y Distrital del INE, tambi\u00e9n se instalaron en escuelas.<\/p>\n\n\n\n<p>\u00abLa participaci\u00f3n en su mayor\u00eda fue virtual, el Ayuntamiento de Xalapa nos apoy\u00f3 con instalar casillas en los centros de gesti\u00f3n comunitaria, ah\u00ed fue donde se dio una participaci\u00f3n presencial de las ni\u00f1as y ni\u00f1os\u00bb.<\/p>\n\n\n\n<p>Destac\u00f3 que tambi\u00e9n se hizo por medio de la v\u00eda electr\u00f3nica, incluso, hubo participaci\u00f3n de ni\u00f1as y de ni\u00f1os del extranjero.<\/p>\n\n\n\n<p>Ahora se encuentran en la etapa final y visitan escuelas, adem\u00e1s realizan talleres con ni\u00f1os, ni\u00f1as y adolescentes, desde primaria hasta bachillerato con los resultados obtenidos.<\/p>\n\n\n\n<p>\u00abLos temas que les interesaron a nuestras ni\u00f1as y ni\u00f1os en Xalapa, es el cuidado del planeta, est\u00e1n muy preocupados por el maltrato animal y dialogamos con ellos para que nos den sus propuestas\u00bb.<\/p>\n\n\n\n<p>Coment\u00f3 que en el mes de noviembre en la \u00faltima semana van a tener mesas de deliberaci\u00f3n e invitar\u00e1n a las autoridades municipales para que escuchen de viva voz a los menores que representar\u00e1n a sus escuelas.<\/p>\n\n\n\n<p>Finalmente, dijo que el documento se entregar\u00e1 a las autoridades para que lo analicen, las estad\u00edsticas y temas como derechos humanos, el acoso escolar, entre otros.<\/p>\n","protected":false},"excerpt":{"rendered":"<p>Enrique Yasser PompeyoXalapa En la Consulta Infantil y Juvenil 2021 participaron m\u00e1s de 15 mil menores, inform\u00f3 la vocal de Capacitaci\u00f3n Electoral y Educaci\u00f3n C\u00edvica de la Junta Distrital de Xalapa del Instituto Nacional Electoral, Rosal\u00eda Uscanga Castillo. \u00abHace un a\u00f1o, en el mes de noviembre participaron m\u00e1s de 15 mil ni\u00f1as, ni\u00f1os, j\u00f3venes, de [&hellip;]<\/p>\n","protected":false},"author":2,"featured_media":0,"comment_status":"closed","ping_status":"closed","sticky":false,"template":"","format":"standard","meta":{"_jetpack_newsletter_access":"","_jetpack_dont_email_post_to_subs":false,"_jetpack_newsletter_tier_id":0,"_jetpack_memberships_contains_paywalled_content":false,"_jetpack_memberships_contains_paid_content":false,"footnotes":""},"categories":[6446],"tags":[35842,15477,340,4911,35843],"class_list":["post-97334","post","type-post","status-publish","format-standard","hentry","category-la-nota","tag-consulta-infantil-y-juvenil-2021","tag-enrique-yasser-pompeyo","tag-instituto-nacional-electoral","tag-proteccion-animal","tag-rosalia-uscanga-castillo"],"jetpack_featured_media_url":"","jetpack_sharing_enabled":true,"jetpack_shortlink":"https:\/\/wp.me\/p4Qcd3-pjU","_links":{"self":[{"href":"https:\/\/lospoliticosveracruz.com.mx\/index.php?rest_route=\/wp\/v2\/posts\/97334","targetHints":{"allow":["GET"]}}],"collection":[{"href":"https:\/\/lospoliticosveracruz.com.mx\/index.php?rest_route=\/wp\/v2\/posts"}],"about":[{"href":"https:\/\/lospoliticosveracruz.com.mx\/index.php?rest_route=\/wp\/v2\/types\/post"}],"author":[{"embeddable":true,"href":"https:\/\/lospoliticosveracruz.com.mx\/index.php?rest_route=\/wp\/v2\/users\/2"}],"replies":[{"embeddable":true,"href":"https:\/\/lospoliticosveracruz.com.mx\/index.php?rest_route=%2Fwp%2Fv2%2Fcomments&post=97334"}],"version-history":[{"count":1,"href":"https:\/\/lospoliticosveracruz.com.mx\/index.php?rest_route=\/wp\/v2\/posts\/97334\/revisions"}],"predecessor-version":[{"id":97336,"href":"https:\/\/lospoliticosveracruz.com.mx\/index.php?rest_route=\/wp\/v2\/posts\/97334\/revisions\/97336"}],"wp:attachment":[{"href":"https:\/\/lospoliticosveracruz.com.mx\/index.php?rest_route=%2Fwp%2Fv2%2Fmedia&parent=97334"}],"wp:term":[{"taxonomy":"category","embeddable":true,"href":"https:\/\/lospoliticosveracruz.com.mx\/index.php?rest_route=%2Fwp%2Fv2%2Fcategories&post=97334"},{"taxonomy":"post_tag","embeddable":true,"href":"https:\/\/lospoliticosveracruz.com.mx\/index.php?rest_route=%2Fwp%2Fv2%2Ftags&post=97334"}],"curies":[{"name":"wp","href":"https:\/\/api.w.org\/{rel}","templated":true}]}}