{"id":97338,"date":"2022-10-24T11:40:55","date_gmt":"2022-10-24T16:40:55","guid":{"rendered":"https:\/\/lospoliticosveracruz.com.mx\/?p=97338"},"modified":"2022-10-24T11:41:01","modified_gmt":"2022-10-24T16:41:01","slug":"ojo-con-la-terminacion-2022","status":"publish","type":"post","link":"https:\/\/lospoliticosveracruz.com.mx\/?p=97338","title":{"rendered":"OJO CON LA TERMINACI\u00d3N 2022"},"content":{"rendered":"\n<p><\/p>\n\n\n\n<p><\/p>\n\n\n\n<p><strong>Enrique Yasser Pompeyo<\/strong><br><em>Xalapa<\/em><\/p>\n\n\n\n<p>El vocal del Registro Federal de Electores, Jaime Maldonado Galindo, expuso que a partir del primero de enero de 2023, pierden vigencia todos los formatos de credencial de elector que tengan terminaci\u00f3n 2022. Son 10,207.<\/p>\n\n\n\n<p>En ese sentido, expuso que ya no ser\u00e1n aceptadas como medio de identificaci\u00f3n.<\/p>\n\n\n\n<p>No obstante, dijo que afortunadamente el pr\u00f3ximo a\u00f1o no se tendr\u00e1 un proceso de elecci\u00f3n.<\/p>\n\n\n\n<p>\u00abPero s\u00ed es importante a la ciudadan\u00eda que haga su cambio de domicilio o corrija si tiene un dato irregular\u00bb.<\/p>\n\n\n\n<p>Record\u00f3 que en la Lista Nominal hay un total de 326 mil 495 ciudadanos.<\/p>\n\n\n\n<p>\u00abEstamos llevando a cabo la campa\u00f1a anual intensa de credencializaci\u00f3n, estamos trabajando en los m\u00f3dulos de atenci\u00f3n ciudadana, uno que se encuentra en la avenida Ruiz Cortines, en la colonia Represa del Carmen y un nuevo m\u00f3dulo que tenemos en plaza Soriana, frente a la entrada de la facultad de Medicina\u00bb.<\/p>\n\n\n\n<p>Asimismo, explic\u00f3 que se realiza desde el primero de septiembre y hasta el d\u00eda 15 de diciembre.<\/p>\n\n\n\n<p>El objetivo de la campa\u00f1a es invitar a toda la ciudadan\u00eda a que se acerque a los m\u00f3dulos de atenci\u00f3n ciudadana y puedan actualizar su credencial para votar.<\/p>\n\n\n\n<p>\u00abPodemos hacer diferentes tr\u00e1mites, desde inscripciones de j\u00f3venes que recientemente cumplen los 18 a\u00f1os, as\u00ed como tambi\u00e9n cambios de domicilio, correcci\u00f3n de datos personales, canjes por vencimiento de la credencial o bien reposiciones por robo o extrav\u00edo\u00bb.<\/p>\n\n\n\n<p>Subray\u00f3 que todos esos tr\u00e1mites son de manera gratuita. El horario de atenci\u00f3n es de 8 de la ma\u00f1ana a 8 de la noche.<\/p>\n","protected":false},"excerpt":{"rendered":"<p>Enrique Yasser PompeyoXalapa El vocal del Registro Federal de Electores, Jaime Maldonado Galindo, expuso que a partir del primero de enero de 2023, pierden vigencia todos los formatos de credencial de elector que tengan terminaci\u00f3n 2022. Son 10,207. En ese sentido, expuso que ya no ser\u00e1n aceptadas como medio de identificaci\u00f3n. No obstante, dijo que [&hellip;]<\/p>\n","protected":false},"author":2,"featured_media":0,"comment_status":"closed","ping_status":"closed","sticky":false,"template":"","format":"standard","meta":{"_jetpack_newsletter_access":"","_jetpack_dont_email_post_to_subs":false,"_jetpack_newsletter_tier_id":0,"_jetpack_memberships_contains_paywalled_content":false,"_jetpack_memberships_contains_paid_content":false,"footnotes":""},"categories":[6446],"tags":[35845,35844],"class_list":["post-97338","post","type-post","status-publish","format-standard","hentry","category-la-nota","tag-jaime-maldonado-galindo","tag-registro-federal-de-electores"],"jetpack_featured_media_url":"","jetpack_sharing_enabled":true,"jetpack_shortlink":"https:\/\/wp.me\/p4Qcd3-pjY","_links":{"self":[{"href":"https:\/\/lospoliticosveracruz.com.mx\/index.php?rest_route=\/wp\/v2\/posts\/97338","targetHints":{"allow":["GET"]}}],"collection":[{"href":"https:\/\/lospoliticosveracruz.com.mx\/index.php?rest_route=\/wp\/v2\/posts"}],"about":[{"href":"https:\/\/lospoliticosveracruz.com.mx\/index.php?rest_route=\/wp\/v2\/types\/post"}],"author":[{"embeddable":true,"href":"https:\/\/lospoliticosveracruz.com.mx\/index.php?rest_route=\/wp\/v2\/users\/2"}],"replies":[{"embeddable":true,"href":"https:\/\/lospoliticosveracruz.com.mx\/index.php?rest_route=%2Fwp%2Fv2%2Fcomments&post=97338"}],"version-history":[{"count":1,"href":"https:\/\/lospoliticosveracruz.com.mx\/index.php?rest_route=\/wp\/v2\/posts\/97338\/revisions"}],"predecessor-version":[{"id":97340,"href":"https:\/\/lospoliticosveracruz.com.mx\/index.php?rest_route=\/wp\/v2\/posts\/97338\/revisions\/97340"}],"wp:attachment":[{"href":"https:\/\/lospoliticosveracruz.com.mx\/index.php?rest_route=%2Fwp%2Fv2%2Fmedia&parent=97338"}],"wp:term":[{"taxonomy":"category","embeddable":true,"href":"https:\/\/lospoliticosveracruz.com.mx\/index.php?rest_route=%2Fwp%2Fv2%2Fcategories&post=97338"},{"taxonomy":"post_tag","embeddable":true,"href":"https:\/\/lospoliticosveracruz.com.mx\/index.php?rest_route=%2Fwp%2Fv2%2Ftags&post=97338"}],"curies":[{"name":"wp","href":"https:\/\/api.w.org\/{rel}","templated":true}]}}