{"id":97423,"date":"2022-10-25T13:06:51","date_gmt":"2022-10-25T18:06:51","guid":{"rendered":"https:\/\/lospoliticosveracruz.com.mx\/?p=97423"},"modified":"2022-10-25T13:07:06","modified_gmt":"2022-10-25T18:07:06","slug":"feria-de-xalapa-si-ahued-quiere","status":"publish","type":"post","link":"https:\/\/lospoliticosveracruz.com.mx\/?p=97423","title":{"rendered":"FERIA DE XALAPA, SI AHUED QUIERE"},"content":{"rendered":"\n<p><strong>Karla M\u00e9ndez<br><\/strong>Xalapa, Ver.- Con los diversos festivales y eventos que se realizan en Xalapa, podr\u00eda haber la posibilidad de que regrese la tradicional Feria si as\u00ed lo decide el Ayuntamiento de la capital, as\u00ed lo se\u00f1al\u00f3 el titular de la Secretar\u00eda de Turismo y Cultura(SECTUR) Iv\u00e1n Mart\u00ednez Olvera.<\/p>\n\n\n\n<p>En entrevista, mencion\u00f3 que aunque es un evento que solo corresponde al ayuntamiento, contar\u00eda con el apoyo de SECTUR, pero por el momento el Festival Internacional Xalapa y su Cultura ha sido todo un \u00e9xito y continuar\u00e1 as\u00ed.<\/p>\n\n\n\n<p>\u00abLa feria habr\u00eda que checarlo con el ayuntamiento si es un evento netamente del ayuntamiento, pero este festival ha generado buenos resultados en el a\u00f1o pasado.\u00bb<\/p>\n\n\n\n<p>As\u00ed mismo, se\u00f1al\u00f3 que los eventos deportivos tambi\u00e9n generan una gran derrama econ\u00f3mica y ocupaci\u00f3n hotelera con los aficionados que acompa\u00f1an a sus equipos y pernoctan en los hoteles, adem\u00e1s de que consumen alimentos.<\/p>\n\n\n\n<p>\u00abLos eventos deportivos siempre ayudan a incrementar las ocupaciones y la derrama econ\u00f3mica hay personas que siguen a sus equipos, la pernocta era de 1.4, 1.1 en Pandemia y ahora ya estamos sobre los 2 puntos.\u00bb<\/p>\n\n\n\n<p>De igual manera, Mart\u00ednez Olvera, dijo que cada mes se tienen eventos fuertes en todo el estado y tambi\u00e9n cada fin de semana por lo que se espera que en el puente de todos santos dejar\u00e1 una gran derrama econ\u00f3mica importante.<\/p>\n\n\n\n<p>Finalmente, tambi\u00e9n record\u00f3 que los d\u00edas 15, 16 y 17 de noviembre se llevar\u00e1 a cabo la \u00abExpoturismo 2022\u00bb en el World Trade Center de Boca del R\u00edo, con mil 500 participantes y una aluencis de m\u00e1s de dos mil visitantes.<\/p>\n","protected":false},"excerpt":{"rendered":"<p>Karla M\u00e9ndezXalapa, Ver.- Con los diversos festivales y eventos que se realizan en Xalapa, podr\u00eda haber la posibilidad de que regrese la tradicional Feria si as\u00ed lo decide el Ayuntamiento de la capital, as\u00ed lo se\u00f1al\u00f3 el titular de la Secretar\u00eda de Turismo y Cultura(SECTUR) Iv\u00e1n Mart\u00ednez Olvera. En entrevista, mencion\u00f3 que aunque es un [&hellip;]<\/p>\n","protected":false},"author":2,"featured_media":0,"comment_status":"closed","ping_status":"closed","sticky":false,"template":"","format":"standard","meta":{"_jetpack_newsletter_access":"","_jetpack_dont_email_post_to_subs":false,"_jetpack_newsletter_tier_id":0,"_jetpack_memberships_contains_paywalled_content":false,"_jetpack_memberships_contains_paid_content":false,"footnotes":""},"categories":[6446],"tags":[35854,14789,876,2156,96],"class_list":["post-97423","post","type-post","status-publish","format-standard","hentry","category-la-nota","tag-festival-internacional-xalapa","tag-ivan-martinez-olvera","tag-ricardo-ahued","tag-sectur","tag-xalapa"],"jetpack_featured_media_url":"","jetpack_sharing_enabled":true,"jetpack_shortlink":"https:\/\/wp.me\/p4Qcd3-pll","_links":{"self":[{"href":"https:\/\/lospoliticosveracruz.com.mx\/index.php?rest_route=\/wp\/v2\/posts\/97423","targetHints":{"allow":["GET"]}}],"collection":[{"href":"https:\/\/lospoliticosveracruz.com.mx\/index.php?rest_route=\/wp\/v2\/posts"}],"about":[{"href":"https:\/\/lospoliticosveracruz.com.mx\/index.php?rest_route=\/wp\/v2\/types\/post"}],"author":[{"embeddable":true,"href":"https:\/\/lospoliticosveracruz.com.mx\/index.php?rest_route=\/wp\/v2\/users\/2"}],"replies":[{"embeddable":true,"href":"https:\/\/lospoliticosveracruz.com.mx\/index.php?rest_route=%2Fwp%2Fv2%2Fcomments&post=97423"}],"version-history":[{"count":1,"href":"https:\/\/lospoliticosveracruz.com.mx\/index.php?rest_route=\/wp\/v2\/posts\/97423\/revisions"}],"predecessor-version":[{"id":97425,"href":"https:\/\/lospoliticosveracruz.com.mx\/index.php?rest_route=\/wp\/v2\/posts\/97423\/revisions\/97425"}],"wp:attachment":[{"href":"https:\/\/lospoliticosveracruz.com.mx\/index.php?rest_route=%2Fwp%2Fv2%2Fmedia&parent=97423"}],"wp:term":[{"taxonomy":"category","embeddable":true,"href":"https:\/\/lospoliticosveracruz.com.mx\/index.php?rest_route=%2Fwp%2Fv2%2Fcategories&post=97423"},{"taxonomy":"post_tag","embeddable":true,"href":"https:\/\/lospoliticosveracruz.com.mx\/index.php?rest_route=%2Fwp%2Fv2%2Ftags&post=97423"}],"curies":[{"name":"wp","href":"https:\/\/api.w.org\/{rel}","templated":true}]}}