{"id":97435,"date":"2022-10-25T17:24:06","date_gmt":"2022-10-25T22:24:06","guid":{"rendered":"https:\/\/lospoliticosveracruz.com.mx\/?p=97435"},"modified":"2022-10-25T17:24:13","modified_gmt":"2022-10-25T22:24:13","slug":"el-mundo-no-es-perfecto","status":"publish","type":"post","link":"https:\/\/lospoliticosveracruz.com.mx\/?p=97435","title":{"rendered":"EL MUNDO NO ES PERFECTO\u00a0"},"content":{"rendered":"\n<p><strong>Jorge Arturo Rodr\u00edguez<\/strong><\/p>\n\n\n\n<p><em>TIERRA DE BABEL<\/em><\/p>\n\n\n\n<p><\/p>\n\n\n\n<p>Aperitivo 1: \u201cAnuncio en el peri\u00f3dico: \u2018Hombre invisible busca a mujer transparente para hacer cosas nunca vistas\u2019.\u201d<\/p>\n\n\n\n<p>Aperitivo 2: \u201cYa ancianos vemos al ni\u00f1o que nos hace muecas al mismo tiempo que corre a denunciarnos a su madre con l\u00e1grimas que somos muy feos y provocamos miedo\u201d. (Ra\u00fal Ren\u00e1n).<\/p>\n\n\n\n<p>\u00bfCambio de horario o cambio de tiempo? Ah\u00ed se ver\u00e1.<\/p>\n\n\n\n<p>Vi\u00e9ndolo bien, no s\u00e9 por qu\u00e9 nos complicamos la vida si est\u00e1 hecha de delicias, siempre y cuando le encontremos el lado amable. Claro que muchas veces nos preguntamos, con Jos\u00e9 Bergam\u00edn, \u201c\u00bfpor qu\u00e9 no morir solo, como un perro, cuando solo, como un perro, se ha vivido?\u201d En estos D\u00edas de Muertos se nos vienen a la mente mil estupideces sobre el tema. Como: \u201cEstamos muertos en vida\u201d, \u201cVivimos muertos de miedo\u201d, \u201cSi me han de matar ma\u00f1ana\u2026\u201d Recuerdo entonces la excelente obra Pedro P\u00e1ramo, de Juan Rulfo, donde, ah\u00ed s\u00ed, viven puros muertos. \u00a1Qu\u00e9 delicia! Lo bueno es que la muerte no anda en burro; no tiene color ni anda con pendejadas; llega y san se acab\u00f3. Vaya, le vale madres que seas del partido pol\u00edtico que seas; da igual: nos vamos porque nos vamos; all\u00e1 los que se quedan, dicen.<\/p>\n\n\n\n<p>Sin ser exigentes con los pol\u00edticos \u2013algunos se merecen m\u00e1s-, Miguel de Cervantes escribi\u00f3: \u201cAun entre los demonios hay unos peores que otros, y entre muchos malos hombres suele haber alguno bueno\u201d. De acuerdo. Ha buscar con lupa; no perdamos la luz de la esperanza\u2026 \u00a1Cooorteee!<\/p>\n\n\n\n<p>Enrique Canales dice afor\u00edsticamente que \u201cha de ser f\u00e1cil morirse, todos han podido hacerlo\u201d. Bien que lo creo. Pero me \u201cduele el dolor\u201d de la gente que no encuentra a sus desaparecidas (os) en M\u00e9xico. Me duele M\u00e9xico. \u00bfDescansamos en paz? Los familiares y amigos padecen el sufrimiento compartido de las ausencias. Eso es terrible. El genial escritor espa\u00f1ol Camilo Jos\u00e9 Cela, sarc\u00e1stico hasta las cachas, escribi\u00f3 que la muerte es dulce, pero su antesala cruel. Y, cierto, siempre son los dem\u00e1s los que se mueren, \u00bfo no Marcel Duchamp?<\/p>\n\n\n\n<p>Sin entrar m\u00e1s en detalles, \u00bfa qu\u00e9 actor le dan siempre el p\u00e9same? A Johnny DEP (Depp).<\/p>\n\n\n\n<p><strong>Los d\u00edas y los temas<\/strong><\/p>\n\n\n\n<p>El cineasta Alejandro Gonz\u00e1lez I\u00f1\u00e1rritu, a prop\u00f3sito de su obra y de su reciente estreno de la pel\u00edcula Bardo, en entrevista expres\u00f3: \u201cYo siempre he dicho que no hay nadie m\u00e1s mexicano, que el mexicano que deja al pa\u00eds, te haces m\u00e1s mexicano en el momento en el que dejas al pa\u00eds, \u00bfpor qu\u00e9?, porque cuando dejas tu pa\u00eds se te acumulan las ausencias. De alguna forma la presencia de tu pa\u00eds se hace mucho m\u00e1s poderosa a trav\u00e9s de esa ausencia, de todo lo que a\u00f1oras. Y la nostalgia y la melancol\u00eda es una trampa y el humor es su remedio\u201d. Eso, ausencias.<\/p>\n\n\n\n<p>Luego coment\u00f3: \u201cEl arte nos permite imaginarnos el mundo que no tenemos porque nuestro mundo no es perfecto, puede ser una mierda, pero el arte nos permite, la poes\u00eda, la m\u00fasica, la literatura, nos permite construir ese mundo que necesitamos y ese es el que me interesa a m\u00ed\u201d.<\/p>\n\n\n\n<p>\u00bfEntienden M\u00e9ndez? Pos all\u00e1 cada quien\u2026<\/p>\n\n\n\n<p><strong>De cinismo y anexas<\/strong><\/p>\n\n\n\n<p>Para no andar por las ramas, aqu\u00ed se las dejo por si acaso me muero o si me han de matar ma\u00f1ana.<\/p>\n\n\n\n<p>-\u00bfSabes que el jefe se ha muerto?<\/p>\n\n\n\n<p>-S\u00ed, pero quisiera saber qui\u00e9n fue el que falleci\u00f3 con \u00e9l.<\/p>\n\n\n\n<p>-\u00bfPor qu\u00e9 dices que muri\u00f3 otra persona?<\/p>\n\n\n\n<p>-\u00bfNo le\u00edste la nota de duelo que puso la empresa en el Diario? \u201c&#8230;y con \u00e9l se fue un gran trabajador\u201d.<\/p>\n\n\n\n<p>***<\/p>\n\n\n\n<p>-Mam\u00e1, \u00bferes t\u00fa? Si eres t\u00fa, hazme una se\u00f1al.<\/p>\n\n\n\n<p>-L-\u00c1-V-A-T-E &#8211; L-A-S &#8211; M-A-N-O-S &#8211; A-N-T-E-S &#8211; D-E &#8211; T-O-C-A-R &#8211; L-A &#8211; O-U-I-J-A.<\/p>\n\n\n\n<p>***<\/p>\n\n\n\n<p>-Te est\u00e1 sangrando el padrastro otra vez.<\/p>\n\n\n\n<p>-\u00a1Mam\u00e1, tienes que dejar de apu\u00f1alar a tus maridos!<\/p>\n\n\n\n<p>Ah\u00ed se ven.<\/p>\n","protected":false},"excerpt":{"rendered":"<p>Jorge Arturo Rodr\u00edguez TIERRA DE BABEL Aperitivo 1: \u201cAnuncio en el peri\u00f3dico: \u2018Hombre invisible busca a mujer transparente para hacer cosas nunca vistas\u2019.\u201d Aperitivo 2: \u201cYa ancianos vemos al ni\u00f1o que nos hace muecas al mismo tiempo que corre a denunciarnos a su madre con l\u00e1grimas que somos muy feos y provocamos miedo\u201d. (Ra\u00fal Ren\u00e1n). [&hellip;]<\/p>\n","protected":false},"author":2,"featured_media":0,"comment_status":"closed","ping_status":"closed","sticky":false,"template":"","format":"standard","meta":{"_jetpack_newsletter_access":"","_jetpack_dont_email_post_to_subs":false,"_jetpack_newsletter_tier_id":0,"_jetpack_memberships_contains_paywalled_content":false,"_jetpack_memberships_contains_paid_content":false,"footnotes":""},"categories":[70],"tags":[2677],"class_list":["post-97435","post","type-post","status-publish","format-standard","hentry","category-de-opinion","tag-jorge-arturo-rodriguez"],"jetpack_featured_media_url":"","jetpack_sharing_enabled":true,"jetpack_shortlink":"https:\/\/wp.me\/p4Qcd3-plx","_links":{"self":[{"href":"https:\/\/lospoliticosveracruz.com.mx\/index.php?rest_route=\/wp\/v2\/posts\/97435","targetHints":{"allow":["GET"]}}],"collection":[{"href":"https:\/\/lospoliticosveracruz.com.mx\/index.php?rest_route=\/wp\/v2\/posts"}],"about":[{"href":"https:\/\/lospoliticosveracruz.com.mx\/index.php?rest_route=\/wp\/v2\/types\/post"}],"author":[{"embeddable":true,"href":"https:\/\/lospoliticosveracruz.com.mx\/index.php?rest_route=\/wp\/v2\/users\/2"}],"replies":[{"embeddable":true,"href":"https:\/\/lospoliticosveracruz.com.mx\/index.php?rest_route=%2Fwp%2Fv2%2Fcomments&post=97435"}],"version-history":[{"count":1,"href":"https:\/\/lospoliticosveracruz.com.mx\/index.php?rest_route=\/wp\/v2\/posts\/97435\/revisions"}],"predecessor-version":[{"id":97437,"href":"https:\/\/lospoliticosveracruz.com.mx\/index.php?rest_route=\/wp\/v2\/posts\/97435\/revisions\/97437"}],"wp:attachment":[{"href":"https:\/\/lospoliticosveracruz.com.mx\/index.php?rest_route=%2Fwp%2Fv2%2Fmedia&parent=97435"}],"wp:term":[{"taxonomy":"category","embeddable":true,"href":"https:\/\/lospoliticosveracruz.com.mx\/index.php?rest_route=%2Fwp%2Fv2%2Fcategories&post=97435"},{"taxonomy":"post_tag","embeddable":true,"href":"https:\/\/lospoliticosveracruz.com.mx\/index.php?rest_route=%2Fwp%2Fv2%2Ftags&post=97435"}],"curies":[{"name":"wp","href":"https:\/\/api.w.org\/{rel}","templated":true}]}}