{"id":97448,"date":"2022-10-25T20:42:17","date_gmt":"2022-10-26T01:42:17","guid":{"rendered":"https:\/\/lospoliticosveracruz.com.mx\/?p=97448"},"modified":"2022-10-25T20:42:25","modified_gmt":"2022-10-26T01:42:25","slug":"regresan-las-truchas","status":"publish","type":"post","link":"https:\/\/lospoliticosveracruz.com.mx\/?p=97448","title":{"rendered":"REGRESAN LAS TRUCHAS!"},"content":{"rendered":"\n<p><strong>Karla M\u00e9ndez<br><\/strong>Xalapa,Ver.- Luego de la gran respuesta de la ciudadan\u00eda hacia la convocatoria de venta de Trucha Arcoiris en Xalapa, los productores de Tlalnehuayocan regresan de nueva cuenta este mi\u00e9rcoles 26 de octubre, donde ofrecer\u00e1n su producto a muy buen precio.<\/p>\n\n\n\n<p>La ciudadan\u00eda podr\u00e1 adquirir truchas arcoiris muy econ\u00f3micas, que se encontrar\u00e1n desde las 9:00 hasta las 16:00 horas en la explanada de la Secretar\u00eda de Finanzas y Planeaci\u00f3n(SEFIPLAN), esto gracias al apoyo del diputado local Luis Ronaldo Zarate.<\/p>\n\n\n\n<p>Gracias a la gran difusi\u00f3n que se dio de la venta de este producto en la capital, la SEDARPA a trav\u00e9s de la subsecretar\u00eda de ganader\u00eda en el area de acuacultura hicieron la invitaci\u00f3n para que trucheros de Tlalnehuayocan regresaran.<\/p>\n\n\n\n<p>As\u00ed mismo, se dio a conocer que la SEDARPA apoyar\u00e1 a los productores con tres toneladas de alimento para.que siga en aumento la producci\u00f3n, adem\u00e1s de que tendr\u00e1n apoyos de otra \u00edndole.<\/p>\n\n\n\n<p>Cabe recordar, que la zona de Tlalnehuayocan tiene su mayor ingreso econ\u00f3mico en la venta de Trucha, por lo que en Pandemia tuvieron muchas dificultades y ahora con este tipo de ventas se pueden recuperar poco a poco.<\/p>\n","protected":false},"excerpt":{"rendered":"<p>Karla M\u00e9ndezXalapa,Ver.- Luego de la gran respuesta de la ciudadan\u00eda hacia la convocatoria de venta de Trucha Arcoiris en Xalapa, los productores de Tlalnehuayocan regresan de nueva cuenta este mi\u00e9rcoles 26 de octubre, donde ofrecer\u00e1n su producto a muy buen precio. La ciudadan\u00eda podr\u00e1 adquirir truchas arcoiris muy econ\u00f3micas, que se encontrar\u00e1n desde las 9:00 [&hellip;]<\/p>\n","protected":false},"author":2,"featured_media":0,"comment_status":"closed","ping_status":"closed","sticky":false,"template":"","format":"standard","meta":{"_jetpack_newsletter_access":"","_jetpack_dont_email_post_to_subs":false,"_jetpack_newsletter_tier_id":0,"_jetpack_memberships_contains_paywalled_content":false,"_jetpack_memberships_contains_paid_content":false,"footnotes":""},"categories":[6446],"tags":[35868,35866,35865,35867],"class_list":["post-97448","post","type-post","status-publish","format-standard","hentry","category-la-nota","tag-luis-ronaldo-zarate-2","tag-productores-de-tlalnehuayocan","tag-tlalnehuayocan","tag-trucha-arcoiris"],"jetpack_featured_media_url":"","jetpack_sharing_enabled":true,"jetpack_shortlink":"https:\/\/wp.me\/p4Qcd3-plK","_links":{"self":[{"href":"https:\/\/lospoliticosveracruz.com.mx\/index.php?rest_route=\/wp\/v2\/posts\/97448","targetHints":{"allow":["GET"]}}],"collection":[{"href":"https:\/\/lospoliticosveracruz.com.mx\/index.php?rest_route=\/wp\/v2\/posts"}],"about":[{"href":"https:\/\/lospoliticosveracruz.com.mx\/index.php?rest_route=\/wp\/v2\/types\/post"}],"author":[{"embeddable":true,"href":"https:\/\/lospoliticosveracruz.com.mx\/index.php?rest_route=\/wp\/v2\/users\/2"}],"replies":[{"embeddable":true,"href":"https:\/\/lospoliticosveracruz.com.mx\/index.php?rest_route=%2Fwp%2Fv2%2Fcomments&post=97448"}],"version-history":[{"count":1,"href":"https:\/\/lospoliticosveracruz.com.mx\/index.php?rest_route=\/wp\/v2\/posts\/97448\/revisions"}],"predecessor-version":[{"id":97449,"href":"https:\/\/lospoliticosveracruz.com.mx\/index.php?rest_route=\/wp\/v2\/posts\/97448\/revisions\/97449"}],"wp:attachment":[{"href":"https:\/\/lospoliticosveracruz.com.mx\/index.php?rest_route=%2Fwp%2Fv2%2Fmedia&parent=97448"}],"wp:term":[{"taxonomy":"category","embeddable":true,"href":"https:\/\/lospoliticosveracruz.com.mx\/index.php?rest_route=%2Fwp%2Fv2%2Fcategories&post=97448"},{"taxonomy":"post_tag","embeddable":true,"href":"https:\/\/lospoliticosveracruz.com.mx\/index.php?rest_route=%2Fwp%2Fv2%2Ftags&post=97448"}],"curies":[{"name":"wp","href":"https:\/\/api.w.org\/{rel}","templated":true}]}}