{"id":97530,"date":"2022-10-27T07:49:08","date_gmt":"2022-10-27T12:49:08","guid":{"rendered":"https:\/\/lospoliticosveracruz.com.mx\/?p=97530"},"modified":"2022-10-27T08:15:08","modified_gmt":"2022-10-27T13:15:08","slug":"primero-el-pirata-luego-los-tiburones","status":"publish","type":"post","link":"https:\/\/lospoliticosveracruz.com.mx\/?p=97530","title":{"rendered":"PRIMERO, EL PIRATA; LUEGO, LOS TIBURONES"},"content":{"rendered":"\n<p><\/p>\n\n\n\n<p><strong>Bernardo Guti\u00e9rrez Parra<br><\/strong><em>Desde el Caf\u00e9<\/em><\/p>\n\n\n\n<p>El 5 de diciembre del 2019 fue un d\u00eda negro para la afici\u00f3n futbolera veracruzana. Fue el d\u00eda en que la Federaci\u00f3n Mexicana de Futbol desafili\u00f3 a los Tiburones Rojos de Veracruz de la Primera Divisi\u00f3n y oficializ\u00f3 la expulsi\u00f3n del due\u00f1o del club, el empresario Fidel Kuri Grajales, de toda actividad relacionada con el futbol mexicano.<\/p>\n\n\n<div class=\"wp-block-image\">\n<figure class=\"alignleft size-full is-resized\"><a href=\"https:\/\/lospoliticosveracruz.com.mx\/wp-content\/uploads\/2021\/10\/Zacauilt.jpg\"><img loading=\"lazy\" decoding=\"async\" src=\"https:\/\/lospoliticosveracruz.com.mx\/wp-content\/uploads\/2021\/10\/Zacauilt.jpg\" alt=\"\" class=\"wp-image-80558\" width=\"175\" height=\"350\"\/><\/a><\/figure><\/div>\n\n\n<p>Hasta antes de que lo corrieran Kuri Grajales logr\u00f3 un imposible: hacer de Los Tiburones el equipo m\u00e1s perdedor del mundo con 35 derrotas consecutivas. Y la desafiliaci\u00f3n y expulsi\u00f3n se produjeron entre otras cosas, por incumplimientos financieros, adeudos con los jugadores, incumplimiento de convenios y del expediente de afiliaci\u00f3n y violaci\u00f3n a los estatutos de la FMF.<\/p>\n\n\n\n<p>El septiembre del 2021 Kuri Grajales fue detenido en la CDMX por un presunto fraude a TV Azteca por 120 millones de pesos. Tras poco m\u00e1s de un a\u00f1o en prisi\u00f3n, el pasado 14 de octubre obtuvo su libertad mediante una fianza de 20 millones de pesos y continuar\u00e1 su proceso en libertad.<\/p>\n\n\n\n<p>Minutos despu\u00e9s de su salida el Club Deportivo Veracruz, subi\u00f3 a las redes un video de Kuri saliendo del penal del Altiplano con el siguiente texto: \u201cAhora a devolverles a los Tiburones Rojos a su afici\u00f3n\u201d.<\/p>\n\n\n\n<p>\u00bfQu\u00e9 va a pelear el empresario cuando ya no tiene al equipo y \u00e9ste pr\u00e1cticamente no existe? Eso lo sabr\u00e1n \u00e9l y sus abogados.<\/p>\n\n\n\n<p>Este mi\u00e9rcoles durante la presentaci\u00f3n oficial del club de baloncesto Halcones Rojos de Veracruz en Boca del R\u00edo, (presentaci\u00f3n a la que asistieron entre otros el gobernador Cuitl\u00e1huac Garc\u00eda y la alcaldesa del puerto jarocho Patricia Lobeira), el empresario Carlos Bremer manifest\u00f3 su inter\u00e9s porque Los Tiburones Rojos regresen a la entidad como equipo de Primera Divisi\u00f3n.<\/p>\n\n\n\n<p>Pero advirti\u00f3: \u201cEst\u00e1 muy complicado lo de Los Tiburones, hay vetos de todos tipos, no est\u00e1 f\u00e1cil, estamos viendo porqu\u00e9 camino podemos regresarle el f\u00fatbol a los veracruzanos, y plantearle al gobernador que nos encarg\u00f3 mucho ver qu\u00e9 proyecto podemos armar para que regrese el f\u00fatbol a Veracruz. Ya tenemos una o dos alternativas que le presentaremos en corto\u201d.<\/p>\n\n\n\n<p>Regresen o no regresen los escualos, el titular de Finanzas Jos\u00e9 Luis Lima Franco (presente tambi\u00e9n en Boca del R\u00edo), dijo que se destinar\u00e1n 300 millones de pesos para la rehabilitaci\u00f3n del estadio Luis \u201cPirata\u201d Fuente, y se estima que los trabajos arranquen a m\u00e1s tardar en diciembre.<\/p>\n\n\n\n<p>\u201cEs un inmueble de los veracruzanos y tenemos que darle mantenimiento, independientemente de que pueda haber f\u00fatbol. Es una obligaci\u00f3n del gobierno del estado darle mantenimiento al estadio\u201d, indic\u00f3 el funcionario.<\/p>\n\n\n\n<p>Cuando le preguntaron si Fidel Kuri tendr\u00eda algo que ver en la rehabilitaci\u00f3n, Lima Franco pint\u00f3 su raya y aclar\u00f3: \u201cNosotros estamos trabajando aparte, el Gobierno del Estado con la Federaci\u00f3n Mexicana de F\u00fatbol, y estamos buscando tener buenas noticias. La intenci\u00f3n es regresar el f\u00fatbol (al \u201cPirata\u201d Fuente) y eso es lo que estamos trabajando\u201d.<\/p>\n\n\n\n<p>Para los que piensan que el estadio es de Kuri es bueno aclararles que el due\u00f1o del \u201cPirata\u201d es el gobierno de Veracruz desde el 17 de marzo de 1967 en que fue inaugurado.<\/p>\n\n\n\n<p>Hasta donde tengo entendido lector, Javier Duarte se lo dio en comodato al empresario, pero una de las clausulas estipula que el comodato estar\u00eda vigente siempre y cuando Los Tiburones no se fueran a la divisi\u00f3n de ascenso. Y se fueron m\u00e1s abajo.<\/p>\n\n\n\n<p>Por lo pronto est\u00e1 en v\u00edas de ser remozado.<\/p>\n\n\n\n<p>De acuerdo a lo declarado por Lima Franco, la licitaci\u00f3n de la obra ser\u00e1 en breve para que en diciembre comiencen los trabajos y Los Tiburones regresen a su casa a m\u00e1s tardar en 2024, para alegr\u00eda de la afici\u00f3n veracruzana.<\/p>\n\n\n\n<p>Que as\u00ed sea.<\/p>\n\n\n\n<p><strong>Y hablando de inversiones\u2026<br><\/strong>Mil millones de pesos son los que invertir\u00e1 el gobierno estatal en el sistema de Salud a inicios del 2023, y ser\u00e1n para priorizar la rehabilitaci\u00f3n e infraestructura en hospitales y centros de salud en localidades y comunidades que m\u00e1s lo necesitan.<\/p>\n\n\n\n<p>As\u00ed lo dio a conocer el Secretario de Finanzas, Jos\u00e9 Luis Lima Franco, quien dijo que uno de los compromisos del titular del Ejecutivo estatal, es atender a 897 unidades m\u00e9dicas ya sea con mantenimiento, remodelaci\u00f3n, rescate, sustituci\u00f3n, ampliaci\u00f3n o con la creaci\u00f3n de nuevas unidades m\u00e9dicas.<\/p>\n\n\n\n<p>\u201cHay una prioridad para el gobernador Cuitl\u00e1huac Garc\u00eda, que es el tema de salud. De ah\u00ed que se est\u00e1 estimando invertir cerca de mil millones de pesos para hospitales, centros de salud, para rehabilitar, rescatar y para creaci\u00f3n de otros nuevos\u201d.<\/p>\n\n\n\n<p>Lima Franco indic\u00f3 que el objetivo es enfocar la inversi\u00f3n en las localidades m\u00e1s apartadas y en donde m\u00e1s lo necesiten. \u201cVa de todo, desde comunidades, colonias, municipios alejados y hasta ciudades importantes del estado\u201d, manifest\u00f3 el funcionario.<\/p>\n\n\n\n<p><strong>La educaci\u00f3n, derecho humano: Zenyazen<\/strong><\/p>\n\n\n\n<p>Otro que estuvo como invitado en la presentaci\u00f3n de Los Halcones Rojos de Veracruz fue el titular de la SEV, Zenyazen Escobar Garc\u00eda. Pero tambi\u00e9n estuvo en el arranque del Modelo de Vinculaci\u00f3n con el sector educativo del programa de Becas Benito Ju\u00e1rez que se organiz\u00f3 en Boca del R\u00edo.<\/p>\n\n\n\n<p>En presencia del gobernador, Cuitl\u00e1huac Garc\u00eda Jim\u00e9nez; del delegado Manuel Huerta e integrantes de la comunidad educativa, Escobar Garc\u00eda reiter\u00f3 que la educaci\u00f3n es un derecho humano protegido por la Constituci\u00f3n, y enfatiz\u00f3 que el programa de Becas Benito Ju\u00e1rez ha servido para detectar necesidades e impulsar estrategias para el mejor desarrollo y entrega de estos apoyos federales.<\/p>\n\n\n\n<p>Agreg\u00f3 que es de gran importancia consolidar las fortalezas del programa y encontrar las \u00e1reas de oportunidad para mejorar con la participaci\u00f3n de las comunidades educativas, en especial de las y los becarios por medio del establecimiento de los Comit\u00e9s de Contralor\u00eda Social.<\/p>\n\n\n\n<p>En su mensaje destac\u00f3 que gracias al respaldo e impulso que el presidente Andr\u00e9s Manuel L\u00f3pez Obrador ha generado, se vive un proceso de transformaci\u00f3n donde la educaci\u00f3n juega un papel trascendental como formadora de ciudadanas y ciudadanos que impulsen el bienestar de las comunidades y construyan un mejor futuro.<\/p>\n\n\n\n<p>bernardogup@hotmail.com<\/p>\n","protected":false},"excerpt":{"rendered":"<p>Bernardo Guti\u00e9rrez ParraDesde el Caf\u00e9 El 5 de diciembre del 2019 fue un d\u00eda negro para la afici\u00f3n futbolera veracruzana. Fue el d\u00eda en que la Federaci\u00f3n Mexicana de Futbol desafili\u00f3 a los Tiburones Rojos de Veracruz de la Primera Divisi\u00f3n y oficializ\u00f3 la expulsi\u00f3n del due\u00f1o del club, el empresario Fidel Kuri Grajales, de [&hellip;]<\/p>\n","protected":false},"author":2,"featured_media":0,"comment_status":"closed","ping_status":"closed","sticky":false,"template":"","format":"standard","meta":{"_jetpack_newsletter_access":"","_jetpack_dont_email_post_to_subs":false,"_jetpack_newsletter_tier_id":0,"_jetpack_memberships_contains_paywalled_content":false,"_jetpack_memberships_contains_paid_content":false,"footnotes":""},"categories":[70],"tags":[618,34206,1563,608,13713,1026,88,25400,12372],"class_list":["post-97530","post","type-post","status-publish","format-standard","hentry","category-de-opinion","tag-andres-manuel-lopez-obrador","tag-bernardo-gutierrez-parra","tag-cuitlahuac-garcia-jimenez","tag-fidel-kuri-grajales","tag-jose-luis-lima-franco","tag-morena","tag-sev","tag-tiburones-rojos-de-veracruz","tag-zenyazen-escobar-garcia"],"jetpack_featured_media_url":"","jetpack_sharing_enabled":true,"jetpack_shortlink":"https:\/\/wp.me\/p4Qcd3-pn4","_links":{"self":[{"href":"https:\/\/lospoliticosveracruz.com.mx\/index.php?rest_route=\/wp\/v2\/posts\/97530","targetHints":{"allow":["GET"]}}],"collection":[{"href":"https:\/\/lospoliticosveracruz.com.mx\/index.php?rest_route=\/wp\/v2\/posts"}],"about":[{"href":"https:\/\/lospoliticosveracruz.com.mx\/index.php?rest_route=\/wp\/v2\/types\/post"}],"author":[{"embeddable":true,"href":"https:\/\/lospoliticosveracruz.com.mx\/index.php?rest_route=\/wp\/v2\/users\/2"}],"replies":[{"embeddable":true,"href":"https:\/\/lospoliticosveracruz.com.mx\/index.php?rest_route=%2Fwp%2Fv2%2Fcomments&post=97530"}],"version-history":[{"count":1,"href":"https:\/\/lospoliticosveracruz.com.mx\/index.php?rest_route=\/wp\/v2\/posts\/97530\/revisions"}],"predecessor-version":[{"id":97531,"href":"https:\/\/lospoliticosveracruz.com.mx\/index.php?rest_route=\/wp\/v2\/posts\/97530\/revisions\/97531"}],"wp:attachment":[{"href":"https:\/\/lospoliticosveracruz.com.mx\/index.php?rest_route=%2Fwp%2Fv2%2Fmedia&parent=97530"}],"wp:term":[{"taxonomy":"category","embeddable":true,"href":"https:\/\/lospoliticosveracruz.com.mx\/index.php?rest_route=%2Fwp%2Fv2%2Fcategories&post=97530"},{"taxonomy":"post_tag","embeddable":true,"href":"https:\/\/lospoliticosveracruz.com.mx\/index.php?rest_route=%2Fwp%2Fv2%2Ftags&post=97530"}],"curies":[{"name":"wp","href":"https:\/\/api.w.org\/{rel}","templated":true}]}}