{"id":97538,"date":"2022-10-27T10:14:45","date_gmt":"2022-10-27T15:14:45","guid":{"rendered":"https:\/\/lospoliticosveracruz.com.mx\/?p=97538"},"modified":"2022-10-27T10:14:55","modified_gmt":"2022-10-27T15:14:55","slug":"sin-pex-con-bola-8","status":"publish","type":"post","link":"https:\/\/lospoliticosveracruz.com.mx\/?p=97538","title":{"rendered":"SIN PEX CON BOLA 8!"},"content":{"rendered":"\n<p><strong>Karla M\u00e9ndez<\/strong><\/p>\n\n\n\n<p>Xalapa, Ver.- El diputado presidente de la Junta de Coordinaci\u00f3n Pol\u00edtica (JUCOPO) Juan Javier G\u00f3mez, asegur\u00f3 que no se pelean con nadie, esto ante los rumores sobre supuestos conflictos con el secretario de Gobierno, Eric Cisneros Burgos.<\/p>\n\n\n\n<p>Cabe mencionar que&nbsp;&nbsp;el titular de SEGOB acudi\u00f3 como invitado al concurso de Altares de Muertos que realiz\u00f3 Congreso del Estado, por lo que G\u00f3mez Cazar\u00edn asegur\u00f3 que los diputados, diputadas y diputade est\u00e1n \u00fanicamente para servir a los veracruzanos y no por intereses o conflictos personales.&nbsp;<\/p>\n\n\n\n<p>\u00abPor ah\u00ed luego se dicen muchas cosas y lo digo tambi\u00e9n por la compa\u00f1era titular del \u00d3rgano de Fiscalizaci\u00f3n: no, nosotros no nos peleamos con nadie; lo \u00fanico que hace el Congreso del Estado es una ruta de trabajo a favor de las veracruzanas y veracruzanos y en alg\u00fan momento, si tenemos que se\u00f1alar algo, pues lo tenemos que hacer\u00bb.<\/p>\n\n\n\n<p>Dijo que con Cisneros Burgos, siempre ha trabajado de manera coordinada y que as\u00ed seguir\u00e1 siendo la relaci\u00f3n, aunque no coincidan algunas veces en sus pensamientos y que eso les lleve a tener debates.<\/p>\n\n\n\n<p>\u00abIgual y no tenemos la misma coincidencia en los pensamientos y debatimos, pero no hay una separaci\u00f3n como luego se manifesta. Tambi\u00e9n se los digo porque anda ahorita el tema de la Auditoria\u00bb.<\/p>\n","protected":false},"excerpt":{"rendered":"<p>Karla M\u00e9ndez Xalapa, Ver.- El diputado presidente de la Junta de Coordinaci\u00f3n Pol\u00edtica (JUCOPO) Juan Javier G\u00f3mez, asegur\u00f3 que no se pelean con nadie, esto ante los rumores sobre supuestos conflictos con el secretario de Gobierno, Eric Cisneros Burgos. Cabe mencionar que&nbsp;&nbsp;el titular de SEGOB acudi\u00f3 como invitado al concurso de Altares de Muertos que [&hellip;]<\/p>\n","protected":false},"author":2,"featured_media":0,"comment_status":"closed","ping_status":"closed","sticky":false,"template":"","format":"standard","meta":{"_jetpack_newsletter_access":"","_jetpack_dont_email_post_to_subs":false,"_jetpack_newsletter_tier_id":0,"_jetpack_memberships_contains_paywalled_content":false,"_jetpack_memberships_contains_paid_content":false,"footnotes":""},"categories":[6446],"tags":[12299,12695,1026,195],"class_list":["post-97538","post","type-post","status-publish","format-standard","hentry","category-la-nota","tag-eric-cisneros-burgos","tag-juan-javier-gomez-cazarin","tag-morena","tag-veracruz"],"jetpack_featured_media_url":"","jetpack_sharing_enabled":true,"jetpack_shortlink":"https:\/\/wp.me\/p4Qcd3-pnc","_links":{"self":[{"href":"https:\/\/lospoliticosveracruz.com.mx\/index.php?rest_route=\/wp\/v2\/posts\/97538","targetHints":{"allow":["GET"]}}],"collection":[{"href":"https:\/\/lospoliticosveracruz.com.mx\/index.php?rest_route=\/wp\/v2\/posts"}],"about":[{"href":"https:\/\/lospoliticosveracruz.com.mx\/index.php?rest_route=\/wp\/v2\/types\/post"}],"author":[{"embeddable":true,"href":"https:\/\/lospoliticosveracruz.com.mx\/index.php?rest_route=\/wp\/v2\/users\/2"}],"replies":[{"embeddable":true,"href":"https:\/\/lospoliticosveracruz.com.mx\/index.php?rest_route=%2Fwp%2Fv2%2Fcomments&post=97538"}],"version-history":[{"count":1,"href":"https:\/\/lospoliticosveracruz.com.mx\/index.php?rest_route=\/wp\/v2\/posts\/97538\/revisions"}],"predecessor-version":[{"id":97540,"href":"https:\/\/lospoliticosveracruz.com.mx\/index.php?rest_route=\/wp\/v2\/posts\/97538\/revisions\/97540"}],"wp:attachment":[{"href":"https:\/\/lospoliticosveracruz.com.mx\/index.php?rest_route=%2Fwp%2Fv2%2Fmedia&parent=97538"}],"wp:term":[{"taxonomy":"category","embeddable":true,"href":"https:\/\/lospoliticosveracruz.com.mx\/index.php?rest_route=%2Fwp%2Fv2%2Fcategories&post=97538"},{"taxonomy":"post_tag","embeddable":true,"href":"https:\/\/lospoliticosveracruz.com.mx\/index.php?rest_route=%2Fwp%2Fv2%2Ftags&post=97538"}],"curies":[{"name":"wp","href":"https:\/\/api.w.org\/{rel}","templated":true}]}}