{"id":97601,"date":"2022-10-28T09:47:07","date_gmt":"2022-10-28T14:47:07","guid":{"rendered":"https:\/\/lospoliticosveracruz.com.mx\/?p=97601"},"modified":"2022-10-28T09:47:19","modified_gmt":"2022-10-28T14:47:19","slug":"ya-se-puso-de-acuerdo-con-cuau","status":"publish","type":"post","link":"https:\/\/lospoliticosveracruz.com.mx\/?p=97601","title":{"rendered":"YA SE PUSO DE ACUERDO CON CUAU!"},"content":{"rendered":"\n<p><strong>Karla M\u00e9ndez<\/strong>\u00a0<\/p>\n\n\n\n<p>Xalapa, Ver.- Con el cambio de titularidad en la Secretar\u00eda de Seguridad P\u00fablica(SSP), el Congreso del Estado mantendr\u00e1 un trabajo coordinado con el nuevo secretario Cuauht\u00e9moc Z\u00fa\u00f1iga Bonilla, as\u00ed lo seguro el diputado presidente de la Junta de Coordinaci\u00f3n Pol\u00edtica(JUCOPO) Juan Javier G\u00f3mez Cazar\u00edn.<\/p>\n\n\n\n<p>En entrevista, el legislador adelant\u00f3 que ya tuvo una reuni\u00f3n con el nuevo secretario, para continuar con el trabajo que ya se ten\u00eda por el bienestar de la ciudadan\u00eda y los elementos policiacos.<\/p>\n\n\n\n<p>\u00abTuve una pl\u00e1tica en una reuni\u00f3n con ellos la verdad todo bien tambi\u00e9n. Creo que vamos a trabajar igual que como lo hac\u00edamos con el anterior de manera Coordinada.\u00bb<\/p>\n\n\n\n<p>As\u00ed mismo, adelant\u00f3 que para el pr\u00f3ximo periodo Legislativo que inicia este s\u00e1bado 5 de noviembre se enfocar\u00e1n en el tema de la reforma electoral el cual ya hab\u00eda sido aprobado en este congreso.<\/p>\n\n\n\n<p>La pr\u00f3xima legislatura tendr\u00e1 cambio de mesa directiva, la cual tambi\u00e9n presidir\u00e1 una mujer y se habla de la diputada de morena Margarita Corro Mendoza, del distrito de Cosamaloapan.<\/p>\n","protected":false},"excerpt":{"rendered":"<p>Karla M\u00e9ndez\u00a0 Xalapa, Ver.- Con el cambio de titularidad en la Secretar\u00eda de Seguridad P\u00fablica(SSP), el Congreso del Estado mantendr\u00e1 un trabajo coordinado con el nuevo secretario Cuauht\u00e9moc Z\u00fa\u00f1iga Bonilla, as\u00ed lo seguro el diputado presidente de la Junta de Coordinaci\u00f3n Pol\u00edtica(JUCOPO) Juan Javier G\u00f3mez Cazar\u00edn. En entrevista, el legislador adelant\u00f3 que ya tuvo una [&hellip;]<\/p>\n","protected":false},"author":2,"featured_media":0,"comment_status":"closed","ping_status":"closed","sticky":false,"template":"","format":"standard","meta":{"_jetpack_newsletter_access":"","_jetpack_dont_email_post_to_subs":false,"_jetpack_newsletter_tier_id":0,"_jetpack_memberships_contains_paywalled_content":false,"_jetpack_memberships_contains_paid_content":false,"footnotes":""},"categories":[6446],"tags":[12695,32671,4555],"class_list":["post-97601","post","type-post","status-publish","format-standard","hentry","category-la-nota","tag-juan-javier-gomez-cazarin","tag-karla-mendez","tag-secretaria-de-seguridad-publica"],"jetpack_featured_media_url":"","jetpack_sharing_enabled":true,"jetpack_shortlink":"https:\/\/wp.me\/p4Qcd3-pod","_links":{"self":[{"href":"https:\/\/lospoliticosveracruz.com.mx\/index.php?rest_route=\/wp\/v2\/posts\/97601","targetHints":{"allow":["GET"]}}],"collection":[{"href":"https:\/\/lospoliticosveracruz.com.mx\/index.php?rest_route=\/wp\/v2\/posts"}],"about":[{"href":"https:\/\/lospoliticosveracruz.com.mx\/index.php?rest_route=\/wp\/v2\/types\/post"}],"author":[{"embeddable":true,"href":"https:\/\/lospoliticosveracruz.com.mx\/index.php?rest_route=\/wp\/v2\/users\/2"}],"replies":[{"embeddable":true,"href":"https:\/\/lospoliticosveracruz.com.mx\/index.php?rest_route=%2Fwp%2Fv2%2Fcomments&post=97601"}],"version-history":[{"count":2,"href":"https:\/\/lospoliticosveracruz.com.mx\/index.php?rest_route=\/wp\/v2\/posts\/97601\/revisions"}],"predecessor-version":[{"id":97603,"href":"https:\/\/lospoliticosveracruz.com.mx\/index.php?rest_route=\/wp\/v2\/posts\/97601\/revisions\/97603"}],"wp:attachment":[{"href":"https:\/\/lospoliticosveracruz.com.mx\/index.php?rest_route=%2Fwp%2Fv2%2Fmedia&parent=97601"}],"wp:term":[{"taxonomy":"category","embeddable":true,"href":"https:\/\/lospoliticosveracruz.com.mx\/index.php?rest_route=%2Fwp%2Fv2%2Fcategories&post=97601"},{"taxonomy":"post_tag","embeddable":true,"href":"https:\/\/lospoliticosveracruz.com.mx\/index.php?rest_route=%2Fwp%2Fv2%2Ftags&post=97601"}],"curies":[{"name":"wp","href":"https:\/\/api.w.org\/{rel}","templated":true}]}}