{"id":97721,"date":"2022-11-01T07:43:07","date_gmt":"2022-11-01T13:43:07","guid":{"rendered":"https:\/\/lospoliticosveracruz.com.mx\/?p=97721"},"modified":"2022-11-01T07:43:14","modified_gmt":"2022-11-01T13:43:14","slug":"orfis-vs-sedema","status":"publish","type":"post","link":"https:\/\/lospoliticosveracruz.com.mx\/?p=97721","title":{"rendered":"ORFIS VS SEDEMA"},"content":{"rendered":"\n<p><br><strong>Ricardo Ch\u00faa<\/strong><br><em>Sale y Vale<\/em><\/p>\n\n\n\n<p>EXCLUSIVA\u2026 Todo indica que al seguir el \u00abpleito abierto\u00bb entre el \u00d3rgano de Fiscalizaci\u00f3n Superior y diputados locales de MORENA.. Sabiendo el ORFIS, que Palacio de Gobierno en Xalapa, deja pasar y ver los presuntos ataques a la titular del organismo, Delia Gonz\u00e1lez Cobos, nos cuenta \u00abGarganta Profunda\u00bb que empezar\u00e1n auditar a dependencias estatales donde m\u00e1s sospechas tienen de irregularidades en el manejo de recursos p\u00fablicos, empezando por la Secretar\u00eda de Medio Ambiente de Veracruz.. VAN CON TODO..<\/p>\n\n\n\n<figure class=\"wp-block-embed is-type-video is-provider-youtube wp-block-embed-youtube wp-embed-aspect-16-9 wp-has-aspect-ratio\"><div class=\"wp-block-embed__wrapper\">\n<span class=\"embed-youtube\" style=\"text-align:center; display: block;\"><iframe loading=\"lazy\" class=\"youtube-player\" width=\"750\" height=\"422\" src=\"https:\/\/www.youtube.com\/embed\/Nxe-vxf8GuY?version=3&#038;rel=1&#038;showsearch=0&#038;showinfo=1&#038;iv_load_policy=1&#038;fs=1&#038;hl=es-ES&#038;autohide=2&#038;wmode=transparent\" allowfullscreen=\"true\" style=\"border:0;\" sandbox=\"allow-scripts allow-same-origin allow-popups allow-presentation allow-popups-to-escape-sandbox\"><\/iframe><\/span>\n<\/div><\/figure>\n\n\n\n<p>En este mismo espacio, la semana pasada, dimos a conocer que la SEDEMA estaba \u00abbajo sospecha\u00bb por presuntos actos de tr\u00e1ficos de influencias para favorecer algunas empresas, expidiendo permiso y revocando otros, que tienen que ver con materia ambiental\u2026 Y que estaban se\u00f1alando directamente al titular de esta dependencia, Juan Carlos Contreras Bautista y a muchos funcionarios de esta misma secretar\u00eda y hasta de SEFIPLAN, cercanos a \u00e9l, que son parte de estas acciones\u2026<\/p>\n\n\n\n<p>Pero el problema era que en Palacio de Gobierno estaban molestos por estos hechos\u2026 Lo que nos dice \u00abGarganta Profunda\u00bb es que el propio ORFIS cuenta con un extenso expediente en sus oficinas, que se\u00f1alan como est\u00e1 \u00abtejida\u00bb esta red de funcionarios p\u00fablicos de Veracruz, que pertenecen a la SEDEMA y que estaban presuntamente aliados con ex alcaldes de Veracruz\u2026 Para lograr quitar concesiones de empresas que estaban operando rellenos sanitarios y darselos a empresarios con presuntos nexos con ellos\u2026<\/p>\n\n\n\n<p>Adem\u00e1s que presuntamente estos mismos funcionarios han logrado hacer contratos y servicios con empresas que tienen que ver con el Medio Ambiente, sobre todo en la zona centro de la entidad veracruzana\u2026 El caso viene serio\u2026Ya que debido a los se\u00f1alamientos, que desde hace meses, \u00absufre\u00bb el ORFIS tanto su titular como ex funcionarios, que se vieron obligados a renunciar por presuntos \u00abmoches\u00bb de ex alcaldes para \u00ablimpiar\u00bb sus cuentas p\u00fablicas y no ser objeto de sanciones penales o administrativas\u2026 No van a dejar este caso as\u00ed.. DESQUITE.. ..<\/p>\n\n\n\n<p>Ahora, se dice, que el ORFIS va contra dependencias estatales que tienen un \u00abdesaseado\u00bb manejo de recursos p\u00fablicos y que han sido detectados desde el 2020\u2026 Entre ellas, se comenta, est\u00e1 la SEDEMA\u2026 Se presume, seg\u00fan \u00abGarganta Profunda\u00bb, que el tema viene tambi\u00e9n por informes que tienen de supuestas nuevas empresas que se quieren instalar en Veracruz con rellenos sanitarios y tienen en su haber varias denuncias ambientales\u2026 Pero como por \u00abarte de magia\u00bb han conseguido permisos de manera irregular\u2026AH\u00cd EST\u00c1 EL DETALLE\u2026<\/p>\n\n\n\n<p>Lo cual en caso de ser necesario\u2026 El ORFIS presentar\u00eda las denuncias correspondientes ante la Fiscal\u00eda Anticorrupci\u00f3n de Veracruz para que se actuar\u00e1 en consecuencia\u2026 Adem\u00e1s saben de una serie de irregularidades en el manejo de recursos p\u00fablicos de varios ayuntamientos con SEDEMA para la operaci\u00f3n de otros rellenos sanitarios, donde se han destinado recursos p\u00fablicos de manera presuntamente ilegal\u2026 Por eso, estas investigaciones caen en el terreno de las auditor\u00edas que se investiga en el ORFIS\u2026 ZUCUTUM\u2026<\/p>\n\n\n\n<p>Al parecer por toda esta situaci\u00f3n y su alejamiento, que han echo de manera premeditada el grupo que maneja el Palacio de Gobierno\u2026 Es que Juan Carlos Contreras Baustista va a tener serios \u00abdolores de cabeza\u00bb porque en el ORFIS no est\u00e1n buscando qui\u00e9n se las hizo, sino quien se las \u00abpague\u00bb\u2026 Y la dependencia a su cargo, se ve que la han tra\u00eddo EN LA MIRA desde hace un buen tiempo, tanto en el manejo financiero al interior, como de las \u00abrelaciones\u00bb que mantienen con personajes NON GRATOS para esta administraci\u00f3n estatal\u2026<\/p>\n\n\n\n<p>OJO\u2026\u00a8Pero la \u00abgrilla\u00bb m\u00e1s canija contra Contreras Bautista.. No es la que pueda hacerle el ORFIS porque esa podr\u00eda ser s\u00f3lo medi\u00e1tica\u2026 Ya que si en el gobierno estatal no quiere, la Fiscal\u00eda Anticorrupci\u00f3n no actuar\u00eda en consecuencia\u2026.El asunto que traen contra el titular de la SEDEMA son por los PRESUNTOS ACUERDOS y NEXOS que en su momento hizo y mantiene con el ex alcalde de Xalapa, Hip\u00f3lito Rodr\u00edguez con el tema del relleno sanitario para que el beneficiario fuera otra empresa y no la que la estaba manejando \u2026<\/p>\n\n\n\n<p>El asunto no es tanto el relleno sanitario\u2026 Repetimos eso puede dejarse pasar\u2026 El caso es que desde hace 4 a\u00f1os\u2026 Hip\u00f3lito Rodr\u00edguez fue se\u00f1alado por el propio Cuitl\u00e1huac Garc\u00eda, de ser un personaje no grato para su gobierno\u2026 Ya que el actual mandatario estatal de MORENA, siempre sospech\u00f3 que el ex alcalde de Xalapa, en la campa\u00f1a del 2018 en Veracruz, le \u00abjug\u00f3 las contras\u00bb sosteniendo reuniones con sus adversarios del PAN en el poder\u2026 Para no meterse en el proceso electoral a favor de MORENA en Xalapa y as\u00ed no ganar\u00e1 la gubernatura\u2026<\/p>\n\n\n\n<p>Por ello, las \u00ablenguas de doble filo\u00bb que hay en la capital\u2026 Se\u00f1alan que por eso, el primer c\u00edrculo pol\u00edtico de Cuitl\u00e1huac Garc\u00eda, empez\u00f3 a decirle al ex alcalde: \u00abHipo-Crito\u00bb Rodr\u00edguez.. Y la relaci\u00f3n con Palacio de Gobierno tampoco fue del todo \u00absana\u00bb desde el 2018 hasta el 2021, que dej\u00f3 el poder municipal a Ricardo Ahued\u2026 Una historia que seguramente debi\u00f3 conocer, en su momento, el amigo personal de Cuitl\u00e1huac Garc\u00eda: Juan Carlos Contreras Bautista\u2026 Pero el relleno sanitario era m\u00e1s \u00abjugoso\u00bb que las lealtades\u2026<\/p>\n\n\n\n<p>Es m\u00e1s, esas mismas \u00ablenguas de doble filo\u00bb, cuentan en caf\u00e9s pol\u00edticos de Xalapa\u2026 Que si el ex alcalde de Tierra Blanca y ex diputado local, Tito Delf\u00edn Cano, sigue preso en Pacho Viejo, despu\u00e9s de haber ganado un amparo contra su detenci\u00f3n en noviembre pasado y que fue de nueva cuenta aprehendido por un supuesto DELITO AMBIENTAL cometido cuando era presidente municipal\u2026 Una situaci\u00f3n similar podr\u00eda tener PRESUNTAMENTE Hip\u00f3lito Rodr\u00edguez si no le aprueban sus cuentas p\u00fablicas del 2020 y 2021\u2026 UUUUFFFF<\/p>\n\n\n\n<p>El hecho es que esto tiene que ver con auditor\u00edas y \u00abajustes de cuentas\u00bb pol\u00edticas . Es donde supuestamente est\u00e1n inmersos funcionarios de la SEDEMA que podr\u00edan \u00abpagar los platos rotos\u00bb por las acciones que se pueden tomar contra personajes, que eran del mismo partido de MORENA pero en su momento, le dieron presuntamente la \u00abespalda\u00bb al personaje que hoy gobierna Veracruz\u2026 Hay que recordar que Maquiavelo dec\u00eda: \u00abEs doblemente placentero, mentir al impostor\u00bb.. Actualmente ser\u00eda el KARMA existe.. EL QUE ENTENDI\u00d3, ENTENDI\u00d3\u2026 AMEN\u2026<\/p>\n","protected":false},"excerpt":{"rendered":"<p>Ricardo Ch\u00faaSale y Vale EXCLUSIVA\u2026 Todo indica que al seguir el \u00abpleito abierto\u00bb entre el \u00d3rgano de Fiscalizaci\u00f3n Superior y diputados locales de MORENA.. Sabiendo el ORFIS, que Palacio de Gobierno en Xalapa, deja pasar y ver los presuntos ataques a la titular del organismo, Delia Gonz\u00e1lez Cobos, nos cuenta \u00abGarganta Profunda\u00bb que empezar\u00e1n auditar [&hellip;]<\/p>\n","protected":false},"author":2,"featured_media":0,"comment_status":"closed","ping_status":"closed","sticky":false,"template":"","format":"standard","meta":{"_jetpack_newsletter_access":"","_jetpack_dont_email_post_to_subs":false,"_jetpack_newsletter_tier_id":0,"_jetpack_memberships_contains_paywalled_content":false,"_jetpack_memberships_contains_paid_content":false,"footnotes":""},"categories":[70],"tags":[1563,15181,34697,7620,29118,1026,135,13604,19305,195],"class_list":["post-97721","post","type-post","status-publish","format-standard","hentry","category-de-opinion","tag-cuitlahuac-garcia-jimenez","tag-delia-gonzalez-cobos","tag-fiscalia-anticorrupcion-de-veracruz","tag-hipolito-rodriguez-herrero","tag-juan-carlos-contreras-bautista","tag-morena","tag-orfis","tag-ricardo-chua","tag-secretaria-de-medio-ambiente-de-veracruz","tag-veracruz"],"jetpack_featured_media_url":"","jetpack_sharing_enabled":true,"jetpack_shortlink":"https:\/\/wp.me\/p4Qcd3-pq9","_links":{"self":[{"href":"https:\/\/lospoliticosveracruz.com.mx\/index.php?rest_route=\/wp\/v2\/posts\/97721","targetHints":{"allow":["GET"]}}],"collection":[{"href":"https:\/\/lospoliticosveracruz.com.mx\/index.php?rest_route=\/wp\/v2\/posts"}],"about":[{"href":"https:\/\/lospoliticosveracruz.com.mx\/index.php?rest_route=\/wp\/v2\/types\/post"}],"author":[{"embeddable":true,"href":"https:\/\/lospoliticosveracruz.com.mx\/index.php?rest_route=\/wp\/v2\/users\/2"}],"replies":[{"embeddable":true,"href":"https:\/\/lospoliticosveracruz.com.mx\/index.php?rest_route=%2Fwp%2Fv2%2Fcomments&post=97721"}],"version-history":[{"count":1,"href":"https:\/\/lospoliticosveracruz.com.mx\/index.php?rest_route=\/wp\/v2\/posts\/97721\/revisions"}],"predecessor-version":[{"id":97722,"href":"https:\/\/lospoliticosveracruz.com.mx\/index.php?rest_route=\/wp\/v2\/posts\/97721\/revisions\/97722"}],"wp:attachment":[{"href":"https:\/\/lospoliticosveracruz.com.mx\/index.php?rest_route=%2Fwp%2Fv2%2Fmedia&parent=97721"}],"wp:term":[{"taxonomy":"category","embeddable":true,"href":"https:\/\/lospoliticosveracruz.com.mx\/index.php?rest_route=%2Fwp%2Fv2%2Fcategories&post=97721"},{"taxonomy":"post_tag","embeddable":true,"href":"https:\/\/lospoliticosveracruz.com.mx\/index.php?rest_route=%2Fwp%2Fv2%2Ftags&post=97721"}],"curies":[{"name":"wp","href":"https:\/\/api.w.org\/{rel}","templated":true}]}}