{"id":97888,"date":"2022-11-05T07:39:22","date_gmt":"2022-11-05T13:39:22","guid":{"rendered":"https:\/\/lospoliticosveracruz.com.mx\/?p=97888"},"modified":"2022-11-05T07:39:31","modified_gmt":"2022-11-05T13:39:31","slug":"el-candidato-de-oposicion-en-veracruz","status":"publish","type":"post","link":"https:\/\/lospoliticosveracruz.com.mx\/?p=97888","title":{"rendered":"EL CANDIDATO DE OPOSICI\u00d3N EN VERACRUZ"},"content":{"rendered":"\n<p><strong>Ricardo Ch\u00faa<\/strong><\/p>\n\n\n\n<p><em>Sale y Vale<\/em><\/p>\n\n\n\n<p>La \u00fanica manera que Julen Rementeria del Puerto, aspirante a gobernador del PAN y partidos de oposici\u00f3n, si se hace una alianza.. Que se puede decir es el precandidato m\u00e1s movido en la entidad y en CDMX para buscar esta candidatura y por el ser el coordinador de los senadores del PAN, es el que m\u00e1s posibilidades tiene y que la ciudadan\u00eda lo vea con posibilidades de arrebatarle el poder a MORENA en 2024&#8230; S\u00f3lo podr\u00eda tomarse en serio si Miguel \u00c1ngel Yunes M\u00e1rquez, le levante la mano&#8230; \u00bfLo lograr\u00e1?&#8230;<\/p>\n\n\n<div class=\"wp-block-image\">\n<figure class=\"alignleft size-medium\"><a href=\"https:\/\/lospoliticosveracruz.com.mx\/wp-content\/uploads\/2021\/10\/Zacauilt.jpg\"><img decoding=\"async\" src=\"https:\/\/lospoliticosveracruz.com.mx\/wp-content\/uploads\/2021\/10\/Zacauilt-150x300.jpg\" alt=\"\" class=\"wp-image-80558\"\/><\/a><\/figure><\/div>\n\n\n<p>Si Julen Rementer\u00eda no logra que Yunes M\u00e1rquez, su hermano, Fernando y su pap\u00e1, el ex gobernador de Veracruz, Miguel \u00c1ngel Yunes Linares.. Le levanten en p\u00fablico la mano como el aspirante a gobernador por el PAN&#8230; Siempre habr\u00e1 la duda, si ambos grupos del puerto de Veracruz y Boca del R\u00edo, olvidaron rencillas y ofensas para trabajar juntos en un proyecto que les pueda llevar a la victoria para arrebatarle a MORENA la gubernatura de Veracruz en 2024&#8230; Mientras eso no pase, MORENA y Cuitl\u00e1huac Garc\u00eda no tienen que preocuparse&#8230;.<\/p>\n\n\n\n<p>Se comenta de Julen porque es el que m\u00e1s se sigue moviendo en este tema&#8230; Se enfrenta al Presidente, Andr\u00e9s Manuel L\u00f3pez Obrador, al gobernador, Cuitl\u00e1huac Garc\u00eda&#8230; Juega su papel como opositor&#8230; Pero dentro de su partido pol\u00edtico, el PAN, la estructura partidista la controlan los \u00abYunes Azules\u00bb&#8230; Son los que mantienen el poder en el comit\u00e9 estatal, v\u00eda una alianza con Enrique Cambranis, y que tiene a Federico Salom\u00f3n como dirigente estatal&#8230; Pero el real poder del CDE del PAN se maneja desde el puerto de Veracruz&#8230;&nbsp;<\/p>\n\n\n\n<p>As\u00ed que Julen Rementer\u00eda si realmente quiere ser un candidato opositor panista&#8230; Primero tiene que lograr que los tres Yunes, le levanten la mano&#8230; Pasando esa \u00abaduana\u00bb en el PAN&#8230; Al d\u00eda siguiente tendr\u00eda que abocarse, si hay alianza opositora en 2024, que esa misma acci\u00f3n la haga Jos\u00e9 Francisco Yunes Zorrilla y Juan Manuel D\u00edez Franco por el PRI.. Esa reuni\u00f3n p\u00fablica tendr\u00eda que ser en los terrenos de Perote y Orizaba, los \u00faltimos bastiones priistas junto con Cosoleacaque&#8230; De nuevo la pregunta.. \u00bfLo lograr\u00e1?&#8230;<\/p>\n\n\n\n<p>Despu\u00e9s tendr\u00eda que buscar que los tres dirigentes de los partidos pol\u00edticos como son: Marl\u00f3n Ram\u00edrez, Federico Salom\u00f3n y Sergio Cadena, del PRI; PAN y PRD, respectivamente, le hagan lo mismo&#8230; Pasado ese tema, entonces, puede empezar a buscar incrementar la alianza opositora&#8230; Haciendo una invitaci\u00f3n p\u00fablica a Dante Delgado y Movimiento Ciudadano en Veracruz&#8230; Finalmente, MC ya jug\u00f3 con el PAN y con los Yunes en 2018&#8230; Por qu\u00e9 no hacerlo de nuevo con el PAN y con otro aspirante que ha sido su compa\u00f1ero en el Senado&#8230;&nbsp;<\/p>\n\n\n\n<p>OJO hay que recordar que Julen Rementer\u00eda fue junto con Indira Rosales, los senadores panistas que acompa\u00f1aron a Dante, hace casi un a\u00f1o, a su aventura para tomar la Plaza Lerdo en Xalapa, aquel fr\u00edo s\u00e1bado, cuando MC le peleaba al gobernador de Veracruz, Cuitl\u00e1huac Garc\u00eda, el derogar la pena de c\u00e1rcel para el delito de ultrajes a la autoridad&#8230; Que presuntamente estaba siendo ocupada para tener PRESOS pol\u00edticos&#8230; En esa aventura lo acompa\u00f1\u00f3 Julen&#8230; Ahora ser\u00e1 que Dante quiera acompa\u00f1arlo en la suya&#8230;.<\/p>\n\n\n\n<p>Pero volviendo al tema de la candidatura de la oposici\u00f3n&#8230; Esa ser\u00eda la \u00fanica v\u00eda para que estos partidos puedan hacerle competencia a MORENA&#8230; Primero el PAN tiene que dirimir sus diferencias entre sus grupos pol\u00edticos&#8230; Para que despu\u00e9s junto con el PRI puedan sacar un candidato competitivo, apoyados por el PRD y alg\u00fan otro grupo o partido que se les pueda sumar.. Para aprovechar las incisiones de MORENA y ah\u00ed buscar ganar&#8230; De otra forma no tendr\u00e1n oportunidad..&nbsp;<\/p>\n\n\n\n<p>Se puede dar casi como hecho.. Que si hay alianza opositora, el PAN la encabezar\u00eda para la gubernatura de Veracruz.. Pero el problema es al interior&#8230; Los Yunes Azules no qureren nada con Julen Rementer\u00eda y viceversa&#8230; Se bloquear\u00edan&#8230; Por eso, se dice que si Dante Delgado, Pepe Yunes o Juan Manuel D\u00edez fueran los nominados por el PAN.. Tendr\u00edan m\u00e1s posibilidades de ser apoyados en unidad.. M\u00e1s que un Julen o un Yunes Azul&#8230; As\u00ed el tema..&nbsp;<\/p>\n\n\n\n<p>EN RESUMEN&#8230; Si al interior de la oposici\u00f3n en Veracruz, no se ponen de acuerdo para sacar a su candidato a gobernador, sin \u00abfracturas\u00bb o con ansias de hacerlo perder&#8230;&nbsp;&nbsp;MORENA ir\u00eda en \u00abcaballo de hacienda\u00bb&#8230;. Con o sin Roc\u00edo Nahle de candidata a gobernador&#8230; MORENA podr\u00eda \u00abaventar al ruedo\u00bb a cualquiera y ganar\u00eda&#8230; Pese a que los n\u00fameros actuales de los Morenos en tendencia electoral no rebasan el mill\u00f3n de votos&#8230; Muy distantes a aquellos mill\u00f3n 600 mil que le consiguieron a&nbsp;&nbsp;Cuitl\u00e1huac&#8230;. Pero aun as\u00ed&#8230; MORENA ganar\u00eda&#8230; AMEN..&nbsp;&nbsp; &nbsp;<\/p>\n\n\n\n<p>LOS ESC\u00c1NDALOS DE SEDEMA&#8230; Tal como lo anunciamos en EXCLUSIVA hace unos d\u00edas en este espacio&#8230; Que se ven\u00edan serios esc\u00e1ndalos de presuntos hechos de corrupci\u00f3n y tr\u00e1fico de influencias en la Secretar\u00eda de Medio Ambiente del gobierno estatal&#8230; Y ya \u00abvacas sagradas\u00bb del columnismo pol\u00edtico veracruzano, ya est\u00e1n dando a conocer presuntas irregularidades cometidas por el titula de esta dependencia, Juan Carlos Contreras Bautista..&nbsp;<\/p>\n\n\n\n<p>Ya lo est\u00e1n se\u00f1alando como uno de los presuntos cobradores de \u00abMoches\u00bb a asociaciones civiles, que reciben apoyos de la dependencia estatal, como lo mencionamos anteriormente en este espacio&#8230; De la cual, se\u00f1alan que el titular de SEDEMA se hizo de una \u00abmaquinaria\u00bb operativa para presuntamente hacer cobros en efectivo o en favores&#8230; Y que para eso utiliz\u00f3 a funcionarios de la misma secretar\u00eda y que est\u00e1n asociados a personas ligadas a SEFIPLAN&#8230;&nbsp;<\/p>\n\n\n\n<p>El caso es que este asunto ya se encuentra dando vueltas entre la opini\u00f3n p\u00fablica sobre la forma en que se maneja pol\u00edticamente Contreras Bautista&#8230; Ya que son varios periodistas de distintos medios de comunicaci\u00f3n que dan cuenta de ello&#8230; Y por eso, ahora, al titular de la SEDEMA le dicen \u00abEl Milloneta Ambiental\u00bb.. Al final, como siempre el que \u00abpagar\u00e1 los platos rotos\u00bb ser\u00e1 el gobernador, Cuitl\u00e1huac Garc\u00eda&#8230; Todos le echaran la culpa a \u00e9l de las acciones de su subalterno&#8230;. Suele pasar&#8230;. REMEMBER JAVIER DUARTE&#8230; AMEN&#8230;<\/p>\n","protected":false},"excerpt":{"rendered":"<p>Ricardo Ch\u00faa Sale y Vale La \u00fanica manera que Julen Rementeria del Puerto, aspirante a gobernador del PAN y partidos de oposici\u00f3n, si se hace una alianza.. Que se puede decir es el precandidato m\u00e1s movido en la entidad y en CDMX para buscar esta candidatura y por el ser el coordinador de los senadores [&hellip;]<\/p>\n","protected":false},"author":2,"featured_media":0,"comment_status":"closed","ping_status":"closed","sticky":false,"template":"","format":"standard","meta":{"_jetpack_newsletter_access":"","_jetpack_dont_email_post_to_subs":false,"_jetpack_newsletter_tier_id":0,"_jetpack_memberships_contains_paywalled_content":false,"_jetpack_memberships_contains_paid_content":false,"footnotes":""},"categories":[70],"tags":[1563,1006,2226,13008,35979,1846,29118,1640,1130,30927,428,536,1026,2327,266,13604,8493,195],"class_list":["post-97888","post","type-post","status-publish","format-standard","hentry","category-de-opinion","tag-cuitlahuac-garcia-jimenez","tag-dante-delgado-rannauro","tag-enrique-cambranis","tag-federico-salomon-molina","tag-gubernatura-de-veracruz-en-2024","tag-jose-francisco-yunes-zorrilla","tag-juan-carlos-contreras-bautista","tag-juan-manuel-diez-francos","tag-julen-rementeria","tag-marlon-ramirez-3","tag-miguel-angel-yunes-linares","tag-miguel-angel-yunes-marquez","tag-morena","tag-movimiento-ciudadano","tag-pan","tag-ricardo-chua","tag-secretaria-de-medio-ambiente","tag-veracruz"],"jetpack_featured_media_url":"","jetpack_sharing_enabled":true,"jetpack_shortlink":"https:\/\/wp.me\/p4Qcd3-psQ","_links":{"self":[{"href":"https:\/\/lospoliticosveracruz.com.mx\/index.php?rest_route=\/wp\/v2\/posts\/97888","targetHints":{"allow":["GET"]}}],"collection":[{"href":"https:\/\/lospoliticosveracruz.com.mx\/index.php?rest_route=\/wp\/v2\/posts"}],"about":[{"href":"https:\/\/lospoliticosveracruz.com.mx\/index.php?rest_route=\/wp\/v2\/types\/post"}],"author":[{"embeddable":true,"href":"https:\/\/lospoliticosveracruz.com.mx\/index.php?rest_route=\/wp\/v2\/users\/2"}],"replies":[{"embeddable":true,"href":"https:\/\/lospoliticosveracruz.com.mx\/index.php?rest_route=%2Fwp%2Fv2%2Fcomments&post=97888"}],"version-history":[{"count":1,"href":"https:\/\/lospoliticosveracruz.com.mx\/index.php?rest_route=\/wp\/v2\/posts\/97888\/revisions"}],"predecessor-version":[{"id":97890,"href":"https:\/\/lospoliticosveracruz.com.mx\/index.php?rest_route=\/wp\/v2\/posts\/97888\/revisions\/97890"}],"wp:attachment":[{"href":"https:\/\/lospoliticosveracruz.com.mx\/index.php?rest_route=%2Fwp%2Fv2%2Fmedia&parent=97888"}],"wp:term":[{"taxonomy":"category","embeddable":true,"href":"https:\/\/lospoliticosveracruz.com.mx\/index.php?rest_route=%2Fwp%2Fv2%2Fcategories&post=97888"},{"taxonomy":"post_tag","embeddable":true,"href":"https:\/\/lospoliticosveracruz.com.mx\/index.php?rest_route=%2Fwp%2Fv2%2Ftags&post=97888"}],"curies":[{"name":"wp","href":"https:\/\/api.w.org\/{rel}","templated":true}]}}