{"id":97923,"date":"2022-11-06T14:42:58","date_gmt":"2022-11-06T20:42:58","guid":{"rendered":"https:\/\/lospoliticosveracruz.com.mx\/?p=97923"},"modified":"2022-11-06T14:43:02","modified_gmt":"2022-11-06T20:43:02","slug":"carnaval","status":"publish","type":"post","link":"https:\/\/lospoliticosveracruz.com.mx\/?p=97923","title":{"rendered":"CARNAVAL"},"content":{"rendered":"\n<p><strong>Guadalupe H. Mar<\/strong><\/p>\n\n\n\n<p><em>Mira Pol\u00edtica<\/em><\/p>\n\n\n\n<p><strong>FESTIVAL CERVECERO<\/strong>\u00a0\u2026 La semana pasada, la alcaldesa del\u00a0municipio de Veracruz, la abogada Patricia Lobeira Rodr\u00edguez, dio a conocer que del 29 de junio al 5 de julio del a\u00f1o entrante, se llevar\u00e1 a cabo el festival denominado \u201cCarnaval 2023\u201d, dejando entrever que el festejo se seguir\u00e1 realizando en verano,\u00a0cuando la temperatura promedio en esta regi\u00f3n es de 32 grados cent\u00edgrados y la sensaci\u00f3n t\u00e9rmica de m\u00e1s de 35\u00a0y no previo a la Semana Santa, como es la centenaria tradici\u00f3n de una festividad del pueblo para el pueblo y no para los comerciantes como ser\u00e1 en lo sucesivo, seg\u00fan se vislumbra.<\/p>\n\n\n\n<p>\u00bfPor qu\u00e9 ser\u00e1 una fiesta para beneficio de los comerciantes y no un Carnaval?, trataremos de explic\u00e1rselos amables lectoras y lectoras.<\/p>\n\n\n\n<p>Desde hace muchos a\u00f1os, bueno, no tantos, inici\u00e1bamos&nbsp;nuestra actividad period\u00edstica en Veracruz y ya desde entonces&nbsp;el sector empresarial de la regi\u00f3n propon\u00eda, casi exigiendo, que el Carnaval de Veracruz que tradicionalmente&nbsp;se celebra 47 d\u00edas antes de la Semana Santa, o sea entre febrero y marzo, se cambiara de fecha al verano, a los d\u00edas entre junio y julio, porque entonces no hay \u201cnortes\u201d, ni lluvias, ni mal tiempo que afecte la festividad.<\/p>\n\n\n\n<p>Quienes son de Veracruz recordar\u00e1n que al menos un d\u00eda, casi siempre el domingo de Carnaval, hab\u00eda un fuerte viento del norte, que obligaba a los organizadores a suspender paseos o de plano toda actividad.<\/p>\n\n\n\n<p>De eso se quejaban los comerciantes en general,&nbsp;sobre todo los vendedores de cervezas,&nbsp;de no obtener ganancias al cien por ciento durante el Carnaval, por culpa de los \u201cnortes\u201d.<\/p>\n\n\n\n<p>Por la pandemia del Coronavirus, el Carnaval de Veracruz dej\u00f3 de celebrarse un par de a\u00f1os y en este 2022 se llev\u00f3 a cabo un festival \u201cemergente\u201d precisamente en el verano, para que el sector comercial se recuperara&nbsp;econ\u00f3micamente, de acuerdo al argumento del gobierno municipal en turno, comerciantes entre los que se cuentan los cerveceros,m\u00e1s no&nbsp;el pueblo y la ciudadan\u00eda en general.<\/p>\n\n\n\n<p>Aqu\u00ed entre nos amables lectoras y lectores, el festival que denominaron \u201cCarnaval de Veracruz 2022\u201d no fue lo exitoso que se&nbsp;anunciaba, porque no lleg\u00f3 la multitud de visitantes que se esperaban,&nbsp;por una simple y sencilla raz\u00f3n,&nbsp;la gente que gusta de venir a \u201ccarnavalear\u201d programa sus cosas para el periodo febrero \u2013 marzo, al igual que las instituciones educativas.&nbsp;Esa es la tradici\u00f3n.<\/p>\n\n\n\n<p><strong>NO ES CAPRICHO<\/strong>&nbsp;\u2026&nbsp;No olvidemos que el Carnaval, o fiesta de la carne, es festividad que se remonta a m\u00e1s de un siglo y no solo en Veracruz.<\/p>\n\n\n\n<p>Por ejemplo, el mundialmente conocido&nbsp;Carnaval de&nbsp;Brasil, se celebra tradicionalmente&nbsp;a fines de&nbsp;febrero o principios de marzo,&nbsp;47 d\u00edas antes de Pascua.<\/p>\n\n\n\n<p>Concluye&nbsp;el Mi\u00e9rcoles de Ceniza, precisamente&nbsp;40 d\u00edas antes de la Semana Santa,&nbsp;con lo que inicia la Cuaresma.<\/p>\n\n\n\n<p>All\u00e1 en Brasil, guardadas las proporciones, tambi\u00e9n hay comerciantes&nbsp;y vendedores de cervezas&nbsp;como aqu\u00ed en Veracruz, pero han sabido aprovechar las circunstancias respetando la tradici\u00f3n.<\/p>\n\n\n\n<p>\u00bfSe imagina usted amable lectora y lector que el Carnaval de Brasil, al que&nbsp;asisten millones de personas cada a\u00f1o, cambie su fecha de celebraci\u00f3n para el&nbsp;verano?<\/p>\n\n\n\n<p><strong>EL PUEBLO LO DEMANDA<\/strong>&nbsp;\u2026&nbsp;A mediados de octubre pasado, al percatarse de que el comit\u00e9 organizador del Carnaval de Veracruz que encabeza nuestro querido amigo Luis Antonio P\u00e9rez Fraga \u201cno daba color\u201d respecto a la festividad del 2023,&nbsp;Susana&nbsp;Ortiz Flores, presidenta de la Asociaci\u00f3n Aut\u00f3noma de Comparsas, Bastoneras y Batucadas en esta localidad, advirti\u00f3 que la m\u00e1xima fiesta del pueblo debe realizarse&nbsp;como es la tradici\u00f3n, antes de la Cuaresma y no en verano.<\/p>\n\n\n\n<p>Al igual que ella, Genaro Ruiz, presidente de la Asociaci\u00f3n de Comparsas Art\u00edstica y Cultural de Veracruz, record\u00f3 que el festival denominado \u201cCarnaval 2023\u201d celebrado en julio \u201cno fue favorecedor\u201d<\/p>\n\n\n\n<p>Y \u00e9l, que junto con cientos de personas son los que hacen los desfiles&nbsp;carnestolendos&nbsp;con sus comparsas, expuso el mejor de los argumentos para que el festival \u201cCarnaval de Veracruz 2023\u201d no se lleve a cabo en verano, debido a&nbsp;las altas temperaturas de la temporada.<\/p>\n\n\n\n<p>Por eso, record\u00f3, en el festival de este a\u00f1o celebrado en julio, hubo varios desmayados e insolados, adem\u00e1s de muchas, pero muchas gradas vac\u00edas,&nbsp;porque el sol para entonces es inclemente en Veracruz.<\/p>\n\n\n\n<p>Quiz\u00e1 ese tremendo sol veracruzano en verano es lo que quieren particularmente los vendedores de cervezas, sin embargo,&nbsp;\u00bfse imaginan ustedes lo que padecen los&nbsp;comparseros&nbsp;que con sus trajes bailan varios kil\u00f3metros en el Bulevar \u201cManuel \u00c1vila Camacho\u201d?<\/p>\n\n\n\n<p>Estamos a tiempo de volver al tradicional Carnaval de Veracruz, el m\u00e1s alegre del mundo. Se tiene experiencia en su organizaci\u00f3n.<\/p>\n\n\n\n<p>No cambiemos la tradici\u00f3n para darle gusto a los cerveceros.<\/p>\n\n\n\n<p><strong>D\u00cdGALO SIN MIEDO<\/strong>&nbsp;\u2026&nbsp;Al correo electr\u00f3nico<a href=\"mailto:guadalupehmar@yahoo.com\">guadalupe<\/a><a><\/a>hmar@yahoo.com<\/p>\n","protected":false},"excerpt":{"rendered":"<p>Guadalupe H. Mar Mira Pol\u00edtica FESTIVAL CERVECERO\u00a0\u2026 La semana pasada, la alcaldesa del\u00a0municipio de Veracruz, la abogada Patricia Lobeira Rodr\u00edguez, dio a conocer que del 29 de junio al 5 de julio del a\u00f1o entrante, se llevar\u00e1 a cabo el festival denominado \u201cCarnaval 2023\u201d, dejando entrever que el festejo se seguir\u00e1 realizando en verano,\u00a0cuando la [&hellip;]<\/p>\n","protected":false},"author":2,"featured_media":0,"comment_status":"closed","ping_status":"closed","sticky":false,"template":"","format":"standard","meta":{"_jetpack_newsletter_access":"","_jetpack_dont_email_post_to_subs":false,"_jetpack_newsletter_tier_id":0,"_jetpack_memberships_contains_paywalled_content":false,"_jetpack_memberships_contains_paid_content":false,"footnotes":""},"categories":[70],"tags":[1843,28179,195],"class_list":["post-97923","post","type-post","status-publish","format-standard","hentry","category-de-opinion","tag-carnaval","tag-patricia-lobeira-rodriguez","tag-veracruz"],"jetpack_featured_media_url":"","jetpack_sharing_enabled":true,"jetpack_shortlink":"https:\/\/wp.me\/s4Qcd3-carnaval","_links":{"self":[{"href":"https:\/\/lospoliticosveracruz.com.mx\/index.php?rest_route=\/wp\/v2\/posts\/97923","targetHints":{"allow":["GET"]}}],"collection":[{"href":"https:\/\/lospoliticosveracruz.com.mx\/index.php?rest_route=\/wp\/v2\/posts"}],"about":[{"href":"https:\/\/lospoliticosveracruz.com.mx\/index.php?rest_route=\/wp\/v2\/types\/post"}],"author":[{"embeddable":true,"href":"https:\/\/lospoliticosveracruz.com.mx\/index.php?rest_route=\/wp\/v2\/users\/2"}],"replies":[{"embeddable":true,"href":"https:\/\/lospoliticosveracruz.com.mx\/index.php?rest_route=%2Fwp%2Fv2%2Fcomments&post=97923"}],"version-history":[{"count":1,"href":"https:\/\/lospoliticosveracruz.com.mx\/index.php?rest_route=\/wp\/v2\/posts\/97923\/revisions"}],"predecessor-version":[{"id":97924,"href":"https:\/\/lospoliticosveracruz.com.mx\/index.php?rest_route=\/wp\/v2\/posts\/97923\/revisions\/97924"}],"wp:attachment":[{"href":"https:\/\/lospoliticosveracruz.com.mx\/index.php?rest_route=%2Fwp%2Fv2%2Fmedia&parent=97923"}],"wp:term":[{"taxonomy":"category","embeddable":true,"href":"https:\/\/lospoliticosveracruz.com.mx\/index.php?rest_route=%2Fwp%2Fv2%2Fcategories&post=97923"},{"taxonomy":"post_tag","embeddable":true,"href":"https:\/\/lospoliticosveracruz.com.mx\/index.php?rest_route=%2Fwp%2Fv2%2Ftags&post=97923"}],"curies":[{"name":"wp","href":"https:\/\/api.w.org\/{rel}","templated":true}]}}