{"id":98061,"date":"2022-11-08T18:41:53","date_gmt":"2022-11-09T00:41:53","guid":{"rendered":"https:\/\/lospoliticosveracruz.com.mx\/?p=98061"},"modified":"2022-11-08T18:41:57","modified_gmt":"2022-11-09T00:41:57","slug":"festejara-panuco-sus-500-con-el-iv","status":"publish","type":"post","link":"https:\/\/lospoliticosveracruz.com.mx\/?p=98061","title":{"rendered":"FESTEJAR\u00c1 P\u00c1NUCO SUS 500 CON EL IV"},"content":{"rendered":"\n<p><\/p>\n\n\n\n<p><\/p>\n\n\n\n<p>Karla M\u00e9ndez<br>Xalapa, Ver.- El \u00abEstadio Morelos\u00bb en P\u00e1nuco, ser\u00e1 la sede del cuarto informe del Gobernador Cuitl\u00e1huac Garc\u00eda Jim\u00e9nez este 15 de noviembre, desde d\u00f3nde dirigir\u00e1 un mensaje a la ciudadan\u00eda en compa\u00f1\u00eda de la Jefa de Gobierno de la Ciudad de M\u00e9xico Claudia Sheinbaum y la Secretaria de Energ\u00eda, Rocio Nahle Garc\u00eda, entre otros invitados especiales.<\/p>\n\n\n\n<p>Aunque la fecha l\u00edmite para hacer entrega de la documentaci\u00f3n del informe es este 15 de noviembre, la jefa del programa de gobierno(Progob), Waltraud Mart\u00ednez Olvera lo entregar\u00e1 ante el Congreso del Estado este lunes 14 de noviembre en compa\u00f1\u00eda de algunos funcionarios del gabinete estatal.<\/p>\n\n\n\n<p>Cabe se\u00f1alar que el gobernador Cuitl\u00e1huac Garc\u00eda, anunci\u00f3 que su informe ser\u00e1 in\u00e9dito y con un mensaje claro, adem\u00e1s de muy visual para que toda la ciudadan\u00eda entienda los avances que se tienen durante estos cuatro a\u00f1os.<\/p>\n\n\n\n<p>El municipio de P\u00e1nuco festeja sus 500 a\u00f1os este pr\u00f3ximo 26 de diciembre, por lo cual se decidi\u00f3 que fuera sede del cuarto informe del mandatario estatal, d\u00f3nde resaltar\u00e1n las obras y adem\u00e1s el apoyo al deporte con el regreso de grandes equipos como el \u00c1guila de Veracruz, los Halcones de Xalapa, Los Halcones Rojos de Veracruz y se est\u00e1 a la espera de regresar el f\u00fatbol profesional.<\/p>\n\n\n\n<p>Este martes, Gobierno del Estado, inici\u00f3 la campa\u00f1a en todo Veracruz para que la ciudadan\u00eda conozca un poco de los trabajos que ha hecho el primer morenista y los que est\u00e1n por venir, d\u00f3nde adem\u00e1s destaca la salud y la seguridad con la baja en homicidios dolosos.<\/p>\n","protected":false},"excerpt":{"rendered":"<p>Karla M\u00e9ndezXalapa, Ver.- El \u00abEstadio Morelos\u00bb en P\u00e1nuco, ser\u00e1 la sede del cuarto informe del Gobernador Cuitl\u00e1huac Garc\u00eda Jim\u00e9nez este 15 de noviembre, desde d\u00f3nde dirigir\u00e1 un mensaje a la ciudadan\u00eda en compa\u00f1\u00eda de la Jefa de Gobierno de la Ciudad de M\u00e9xico Claudia Sheinbaum y la Secretaria de Energ\u00eda, Rocio Nahle Garc\u00eda, entre otros [&hellip;]<\/p>\n","protected":false},"author":2,"featured_media":0,"comment_status":"closed","ping_status":"closed","sticky":false,"template":"","format":"standard","meta":{"_jetpack_newsletter_access":"","_jetpack_dont_email_post_to_subs":false,"_jetpack_newsletter_tier_id":0,"_jetpack_memberships_contains_paywalled_content":false,"_jetpack_memberships_contains_paid_content":false,"footnotes":""},"categories":[6446],"tags":[1563,1026,195],"class_list":["post-98061","post","type-post","status-publish","format-standard","hentry","category-la-nota","tag-cuitlahuac-garcia-jimenez","tag-morena","tag-veracruz"],"jetpack_featured_media_url":"","jetpack_sharing_enabled":true,"jetpack_shortlink":"https:\/\/wp.me\/p4Qcd3-pvD","_links":{"self":[{"href":"https:\/\/lospoliticosveracruz.com.mx\/index.php?rest_route=\/wp\/v2\/posts\/98061","targetHints":{"allow":["GET"]}}],"collection":[{"href":"https:\/\/lospoliticosveracruz.com.mx\/index.php?rest_route=\/wp\/v2\/posts"}],"about":[{"href":"https:\/\/lospoliticosveracruz.com.mx\/index.php?rest_route=\/wp\/v2\/types\/post"}],"author":[{"embeddable":true,"href":"https:\/\/lospoliticosveracruz.com.mx\/index.php?rest_route=\/wp\/v2\/users\/2"}],"replies":[{"embeddable":true,"href":"https:\/\/lospoliticosveracruz.com.mx\/index.php?rest_route=%2Fwp%2Fv2%2Fcomments&post=98061"}],"version-history":[{"count":1,"href":"https:\/\/lospoliticosveracruz.com.mx\/index.php?rest_route=\/wp\/v2\/posts\/98061\/revisions"}],"predecessor-version":[{"id":98063,"href":"https:\/\/lospoliticosveracruz.com.mx\/index.php?rest_route=\/wp\/v2\/posts\/98061\/revisions\/98063"}],"wp:attachment":[{"href":"https:\/\/lospoliticosveracruz.com.mx\/index.php?rest_route=%2Fwp%2Fv2%2Fmedia&parent=98061"}],"wp:term":[{"taxonomy":"category","embeddable":true,"href":"https:\/\/lospoliticosveracruz.com.mx\/index.php?rest_route=%2Fwp%2Fv2%2Fcategories&post=98061"},{"taxonomy":"post_tag","embeddable":true,"href":"https:\/\/lospoliticosveracruz.com.mx\/index.php?rest_route=%2Fwp%2Fv2%2Ftags&post=98061"}],"curies":[{"name":"wp","href":"https:\/\/api.w.org\/{rel}","templated":true}]}}