{"id":98343,"date":"2022-11-14T07:36:21","date_gmt":"2022-11-14T13:36:21","guid":{"rendered":"https:\/\/lospoliticosveracruz.com.mx\/?p=98343"},"modified":"2022-11-14T07:36:25","modified_gmt":"2022-11-14T13:36:25","slug":"13-de-noviembre-no-se-olvidara","status":"publish","type":"post","link":"https:\/\/lospoliticosveracruz.com.mx\/?p=98343","title":{"rendered":"13 DE NOVIEMBRE NO SE OLVIDAR\u00c1"},"content":{"rendered":"\n<p><\/p>\n\n\n\n<p><strong>Luis Bustos<\/strong><br><em>EnEstaHora<\/em><\/p>\n\n\n\n<p>Si de alguna manera se puede resumir este d\u00eda, se me ocurre que podr\u00eda ser, guardando la proporci\u00f3n, de manera similar, a esa leyenda de \u201c2 de octubre, no se olvida\u201d\u2026 y, puede ser que este domingo, 13 de noviembre, no se olvidar\u00e1 y , no se olvidar\u00e1, porque es el d\u00eda en que la clase media mexicana perdi\u00f3 el miedo a manifestarse y se decidi\u00f3 a tomar las calles de las ciudades m\u00e1s importantes del pa\u00eds.<\/p>\n\n\n<div class=\"wp-block-image\">\n<figure class=\"alignleft size-medium\"><a href=\"https:\/\/lospoliticosveracruz.com.mx\/wp-content\/uploads\/2021\/10\/Zacauilt.jpg\"><img decoding=\"async\" src=\"https:\/\/lospoliticosveracruz.com.mx\/wp-content\/uploads\/2021\/10\/Zacauilt-150x300.jpg\" alt=\"\" class=\"wp-image-80558\"\/><\/a><\/figure><\/div>\n\n\n<p>Con el motivo podr\u00e1 uno estar o no, de acuerdo, pero no se puede minimizar y menos ignorar, la respuesta de la ciudadan\u00eda que a pie y en familia, salieron en una ma\u00f1ana de domingo, a demostrar su desacuerdo con la iniciativa presidencial de \u201cdinamitar\u201d al INE.<\/p>\n\n\n\n<p>La Ciudad de M\u00e9xico, con un mar agitado de gente, caminando por Reforma en todos sus carriles y banquetas, demostrando la real fuerza ciudadana, con orden, respeto y convicci\u00f3n, porque la gente que fue, S\u00cd sab\u00eda y s\u00ed supo a qu\u00e9 fue, porque, en esta ocasi\u00f3n, fue convocada por ella misma, no por un dirigente partidista o sindiaclista que lo citara, lo enlistara, le pasara lista y le diera su lunch.<\/p>\n\n\n\n<p>No hubo pinta de bardas, ni cristalazos, menos agresiones e insultos\u2026 No se vio un solo encapuchado haciendo desmanes.<\/p>\n\n\n\n<p>Esos miles, a los que el gobierno capitalino contabiliz\u00f3, de manera absurda y rid\u00edcula, en 10 o 12 mil participantes, lograron construir una imagen imposible de borrar de las mentes de un M\u00e9xico dividido y encolerizado por un mensaje lleno de odio y rencor.<\/p>\n\n\n\n<p>La raz\u00f3n de asistir es clara: Nadie puede quedarse sentado e indiferente ante los calificativos o m\u00e1s bien, descalificativos, que cada d\u00eda se profieren en su contra.<\/p>\n\n\n\n<p>Adem\u00e1s de cero desmanes, esta marcha ciudadana dej\u00f3 a su paso una gran derrama econ\u00f3mica en restaurantes y tiendas ubicadas en las inmediaciones de la ruta trazada por donde corri\u00f3 el \u201cr\u00edo de gente\u201d que, por cierto, a quienes tambi\u00e9n les benefici\u00f3, fue a los vendedores ambulantes de sombreros, paraguas y antojitos diversos, ya que vendieron toda su mercanc\u00eda.<\/p>\n\n\n\n<p>No se puede omitir, que se not\u00f3 la falta de experiencia en la organizaci\u00f3n, pues, a falta de los l\u00edderes de partidos y sindicatos que condujeran a sus huestes, la presencia fue individual o familiar y, obvio, no hay experiencia en marchas y plantones, porque eso, ha sido de la exclusividad de la izquierda, hoy gobierno.<\/p>\n\n\n\n<p>Similar a la gran capital, se vieron marchas por m\u00e1s de 40 importantes ciudades de M\u00e9xico, as\u00ed como de Madrid, Barcelona y algunas ciudades del Estados Unidos.<\/p>\n\n\n\n<p>En Xalapa, nuestra bella ciudad capital, pudimos ser testigos de una gran manifestaci\u00f3n ciudadana, que marcho desde el Teatro del Estado hasta la Plaza Lerdo, vi\u00e9ndose plet\u00f3rica de gente y vibrante del patriotismo que se dej\u00f3 escuchar con las notas del Himno Nacional.<\/p>\n\n\n\n<p>Muchos amigos y conocidos marcharon a la par de muchos otros desconocidos, con los que hoy hermanaron en el reclamo c\u00edvico y, la verdad, s\u00ed se enchin\u00f3 la piel ante la movilidad ciudadana y la emotividad del \u201cMexicanos al grito de guerra\u2026\u201d, con el posterior \u201cViva M\u00e9xico\u201d.<\/p>\n\n\n\n<p>As\u00ed pues, ah\u00ed queda, a mi parecer, para el registro de la historia, este 13 de noviembre, como el d\u00eda en que la clase media, perdi\u00f3 el miedo a manifestarse y tomar la calle y, una vez que han aprendido el camino, hay que estar atentos, porque esta movilidad, quien sabe a donde vaya a parar.<\/p>\n","protected":false},"excerpt":{"rendered":"<p>Luis BustosEnEstaHora Si de alguna manera se puede resumir este d\u00eda, se me ocurre que podr\u00eda ser, guardando la proporci\u00f3n, de manera similar, a esa leyenda de \u201c2 de octubre, no se olvida\u201d\u2026 y, puede ser que este domingo, 13 de noviembre, no se olvidar\u00e1 y , no se olvidar\u00e1, porque es el d\u00eda en [&hellip;]<\/p>\n","protected":false},"author":2,"featured_media":0,"comment_status":"closed","ping_status":"closed","sticky":false,"template":"","format":"standard","meta":{"_jetpack_newsletter_access":"","_jetpack_dont_email_post_to_subs":false,"_jetpack_newsletter_tier_id":0,"_jetpack_memberships_contains_paywalled_content":false,"_jetpack_memberships_contains_paid_content":false,"footnotes":""},"categories":[70],"tags":[618,16759,36129,1026,1414],"class_list":["post-98343","post","type-post","status-publish","format-standard","hentry","category-de-opinion","tag-andres-manuel-lopez-obrador","tag-luis-bustos","tag-marcha-en-defensa-del-ine","tag-morena","tag-reforma-electoral"],"jetpack_featured_media_url":"","jetpack_sharing_enabled":true,"jetpack_shortlink":"https:\/\/wp.me\/p4Qcd3-pAb","_links":{"self":[{"href":"https:\/\/lospoliticosveracruz.com.mx\/index.php?rest_route=\/wp\/v2\/posts\/98343","targetHints":{"allow":["GET"]}}],"collection":[{"href":"https:\/\/lospoliticosveracruz.com.mx\/index.php?rest_route=\/wp\/v2\/posts"}],"about":[{"href":"https:\/\/lospoliticosveracruz.com.mx\/index.php?rest_route=\/wp\/v2\/types\/post"}],"author":[{"embeddable":true,"href":"https:\/\/lospoliticosveracruz.com.mx\/index.php?rest_route=\/wp\/v2\/users\/2"}],"replies":[{"embeddable":true,"href":"https:\/\/lospoliticosveracruz.com.mx\/index.php?rest_route=%2Fwp%2Fv2%2Fcomments&post=98343"}],"version-history":[{"count":1,"href":"https:\/\/lospoliticosveracruz.com.mx\/index.php?rest_route=\/wp\/v2\/posts\/98343\/revisions"}],"predecessor-version":[{"id":98345,"href":"https:\/\/lospoliticosveracruz.com.mx\/index.php?rest_route=\/wp\/v2\/posts\/98343\/revisions\/98345"}],"wp:attachment":[{"href":"https:\/\/lospoliticosveracruz.com.mx\/index.php?rest_route=%2Fwp%2Fv2%2Fmedia&parent=98343"}],"wp:term":[{"taxonomy":"category","embeddable":true,"href":"https:\/\/lospoliticosveracruz.com.mx\/index.php?rest_route=%2Fwp%2Fv2%2Fcategories&post=98343"},{"taxonomy":"post_tag","embeddable":true,"href":"https:\/\/lospoliticosveracruz.com.mx\/index.php?rest_route=%2Fwp%2Fv2%2Ftags&post=98343"}],"curies":[{"name":"wp","href":"https:\/\/api.w.org\/{rel}","templated":true}]}}