{"id":98434,"date":"2022-11-15T11:31:54","date_gmt":"2022-11-15T17:31:54","guid":{"rendered":"https:\/\/lospoliticosveracruz.com.mx\/?p=98434"},"modified":"2022-11-15T11:32:03","modified_gmt":"2022-11-15T17:32:03","slug":"empresas-con-miras-a-ultramar","status":"publish","type":"post","link":"https:\/\/lospoliticosveracruz.com.mx\/?p=98434","title":{"rendered":"EMPRESAS, CON MIRAS A ULTRAMAR"},"content":{"rendered":"\n<p><strong>Karla M\u00e9ndez<\/strong><\/p>\n\n\n\n<p>Xalapa, Ver.- Desde la Secretar\u00eda de Desarrollo Econ\u00f3mico y Portuario(Sedecop), se han entregado 39 certificaciones para el mercado Europeo y Asi\u00e1tico para crecer la oferta exportable del estado.<\/p>\n\n\n\n<p>En entrevista, el secretario Enrique Nach\u00f3n Garc\u00eda, explic\u00f3 que desde la Sedecop contin\u00faan las capacitaciones para j\u00f3venes y nuevas empresas en el estado y se tenga una oferta exportable para generar mayor derrama econ\u00f3mica.<\/p>\n\n\n\n<p>\u00abSeguimos dando capacitaciones para j\u00f3venes y nueva empresas, para crear una oferta exportable, tambi\u00e9n se dieron certificaciones necesarias para el mercado europeo y asi\u00e1tico, fueron 32 para Europa y 7 para Asia, tan solo el a\u00f1o pasado.\u00bb<\/p>\n\n\n\n<p>As\u00ed mismo, explic\u00f3 que ahora la industria es mucho m\u00e1s fuerte con la instalaci\u00f3n de nuevas empresas y rehabilitaci\u00f3n de otras con lo cual se van a generar muchos empleos bien remunerados con prestaciones sociales.<\/p>\n\n\n\n<p>Sobre el presupuesto de egresos 2023, Nach\u00f3n Garc\u00eda, dijo que trabajar\u00e1n con lo que se les otorgue, ya que la Sedecop cuenta con el talento veracruzano el cual utilizar\u00e1n para continuar con la atracci\u00f3n de empresas e inversiones.<\/p>\n","protected":false},"excerpt":{"rendered":"<p>Karla M\u00e9ndez Xalapa, Ver.- Desde la Secretar\u00eda de Desarrollo Econ\u00f3mico y Portuario(Sedecop), se han entregado 39 certificaciones para el mercado Europeo y Asi\u00e1tico para crecer la oferta exportable del estado. En entrevista, el secretario Enrique Nach\u00f3n Garc\u00eda, explic\u00f3 que desde la Sedecop contin\u00faan las capacitaciones para j\u00f3venes y nuevas empresas en el estado y se [&hellip;]<\/p>\n","protected":false},"author":2,"featured_media":50177,"comment_status":"closed","ping_status":"closed","sticky":false,"template":"","format":"standard","meta":{"_jetpack_newsletter_access":"","_jetpack_dont_email_post_to_subs":false,"_jetpack_newsletter_tier_id":0,"_jetpack_memberships_contains_paywalled_content":false,"_jetpack_memberships_contains_paid_content":false,"footnotes":""},"categories":[6446],"tags":[15865,36169,5102],"class_list":["post-98434","post","type-post","status-publish","format-standard","has-post-thumbnail","hentry","category-la-nota","tag-enrique-nachon-garcia","tag-secretaria-de-desarrollo-economico-y-portuario","tag-sedecop"],"jetpack_featured_media_url":"https:\/\/lospoliticosveracruz.com.mx\/wp-content\/uploads\/2019\/10\/Enrique-Nach\u00f3n-Garc\u00eda.jpg","jetpack_sharing_enabled":true,"jetpack_shortlink":"https:\/\/wp.me\/p4Qcd3-pBE","_links":{"self":[{"href":"https:\/\/lospoliticosveracruz.com.mx\/index.php?rest_route=\/wp\/v2\/posts\/98434","targetHints":{"allow":["GET"]}}],"collection":[{"href":"https:\/\/lospoliticosveracruz.com.mx\/index.php?rest_route=\/wp\/v2\/posts"}],"about":[{"href":"https:\/\/lospoliticosveracruz.com.mx\/index.php?rest_route=\/wp\/v2\/types\/post"}],"author":[{"embeddable":true,"href":"https:\/\/lospoliticosveracruz.com.mx\/index.php?rest_route=\/wp\/v2\/users\/2"}],"replies":[{"embeddable":true,"href":"https:\/\/lospoliticosveracruz.com.mx\/index.php?rest_route=%2Fwp%2Fv2%2Fcomments&post=98434"}],"version-history":[{"count":1,"href":"https:\/\/lospoliticosveracruz.com.mx\/index.php?rest_route=\/wp\/v2\/posts\/98434\/revisions"}],"predecessor-version":[{"id":98435,"href":"https:\/\/lospoliticosveracruz.com.mx\/index.php?rest_route=\/wp\/v2\/posts\/98434\/revisions\/98435"}],"wp:featuredmedia":[{"embeddable":true,"href":"https:\/\/lospoliticosveracruz.com.mx\/index.php?rest_route=\/wp\/v2\/media\/50177"}],"wp:attachment":[{"href":"https:\/\/lospoliticosveracruz.com.mx\/index.php?rest_route=%2Fwp%2Fv2%2Fmedia&parent=98434"}],"wp:term":[{"taxonomy":"category","embeddable":true,"href":"https:\/\/lospoliticosveracruz.com.mx\/index.php?rest_route=%2Fwp%2Fv2%2Fcategories&post=98434"},{"taxonomy":"post_tag","embeddable":true,"href":"https:\/\/lospoliticosveracruz.com.mx\/index.php?rest_route=%2Fwp%2Fv2%2Ftags&post=98434"}],"curies":[{"name":"wp","href":"https:\/\/api.w.org\/{rel}","templated":true}]}}