{"id":98934,"date":"2022-11-24T09:59:25","date_gmt":"2022-11-24T15:59:25","guid":{"rendered":"https:\/\/lospoliticosveracruz.com.mx\/?p=98934"},"modified":"2022-11-24T09:59:32","modified_gmt":"2022-11-24T15:59:32","slug":"ya-viene-san-juan-de-ulua","status":"publish","type":"post","link":"https:\/\/lospoliticosveracruz.com.mx\/?p=98934","title":{"rendered":"YA VIENE SAN JUAN DE UL\u00daA!"},"content":{"rendered":"\n<p><strong>Karla M\u00e9ndez<\/strong><\/p>\n\n\n\n<p>Xalapa, Ver.- A pocos meses de que iniciaron los trabajos de rehabilitacion del Fuerte de San Juan de Ul\u00faa, se espera que en pr\u00f3ximos d\u00edas se tengan noticias de su reapertura, con sorpresas de acceso v\u00eda terrestre y mar\u00edtimo.<\/p>\n\n\n\n<p>El gobernador de Veracruz, Cuitl\u00e1huac Garc\u00eda Jim\u00e9nez acudi\u00f3 en el mes de julio a Palacio Nacional para afinar con el presidente Andr\u00e9s Manuel L\u00f3pez Obrador cuales ser\u00edan los trabajos para reactivar este lugar hist\u00f3rico en coordinaci\u00f3n con el Instituto Nacional de Antropolog\u00eda e Historia(INAH) y la Secretar\u00eda de Marina(SEMAR).<\/p>\n\n\n\n<p>\u00abVamos a restaurar todo el fuerte, todo el castillo, c\u00e1rcel que lo fue en su momento, de San Juan de Ul\u00faa, hago ese compromiso y lo va a hacer la Secretar\u00eda de Marina\u00bb, dijo el presidente \u00c1ndres Manuel L\u00f3pez Obrador.<\/p>\n\n\n\n<p>As\u00ed mismo, el presidente de la Rep\u00fablica, record\u00f3 que ah\u00ed estuvo preso Benito Ju\u00e1rez por enfrentar la dictadura de Santa Anna, y seis a\u00f1os despu\u00e9s regres\u00f3 a Veracruz para concluir la promulgaci\u00f3n de las Leyes de Reforma.<\/p>\n\n\n\n<p>En el a\u00f1o 2018 San Juan de Ul\u00faa tuvo una afluencia de 270 mil visitantes y figuraba entre los 10 sitios m\u00e1s visitados del INAH a nivel nacional.<\/p>\n\n\n\n<p>Muchos de los visitantes que acuden a la Fortaleza de San Juan de Ul\u00faa recuerdan que antes se ten\u00edan unas lanchas que iban desde el Malec\u00f3n de Veracruz hasta el recinto, lo cual hac\u00eda m\u00e1s f\u00e1cil el trayecto y la llegada.<\/p>\n\n\n\n<p>Sin embargo, las autoridades locales y federales, ya trabajan para ofrecer un mayor y mejor servicio a todos los turistas y reactivar la econom\u00eda de la zona, sin olvidar que se trata de un recinto hist\u00f3rico.<\/p>\n","protected":false},"excerpt":{"rendered":"<p>Karla M\u00e9ndez Xalapa, Ver.- A pocos meses de que iniciaron los trabajos de rehabilitacion del Fuerte de San Juan de Ul\u00faa, se espera que en pr\u00f3ximos d\u00edas se tengan noticias de su reapertura, con sorpresas de acceso v\u00eda terrestre y mar\u00edtimo. El gobernador de Veracruz, Cuitl\u00e1huac Garc\u00eda Jim\u00e9nez acudi\u00f3 en el mes de julio a [&hellip;]<\/p>\n","protected":false},"author":2,"featured_media":0,"comment_status":"closed","ping_status":"closed","sticky":false,"template":"","format":"standard","meta":{"_jetpack_newsletter_access":"","_jetpack_dont_email_post_to_subs":false,"_jetpack_newsletter_tier_id":0,"_jetpack_memberships_contains_paywalled_content":false,"_jetpack_memberships_contains_paid_content":false,"footnotes":""},"categories":[6446],"tags":[1563,1010,195],"class_list":["post-98934","post","type-post","status-publish","format-standard","hentry","category-la-nota","tag-cuitlahuac-garcia-jimenez","tag-san-juan-de-ulua","tag-veracruz"],"jetpack_featured_media_url":"","jetpack_sharing_enabled":true,"jetpack_shortlink":"https:\/\/wp.me\/p4Qcd3-pJI","_links":{"self":[{"href":"https:\/\/lospoliticosveracruz.com.mx\/index.php?rest_route=\/wp\/v2\/posts\/98934","targetHints":{"allow":["GET"]}}],"collection":[{"href":"https:\/\/lospoliticosveracruz.com.mx\/index.php?rest_route=\/wp\/v2\/posts"}],"about":[{"href":"https:\/\/lospoliticosveracruz.com.mx\/index.php?rest_route=\/wp\/v2\/types\/post"}],"author":[{"embeddable":true,"href":"https:\/\/lospoliticosveracruz.com.mx\/index.php?rest_route=\/wp\/v2\/users\/2"}],"replies":[{"embeddable":true,"href":"https:\/\/lospoliticosveracruz.com.mx\/index.php?rest_route=%2Fwp%2Fv2%2Fcomments&post=98934"}],"version-history":[{"count":1,"href":"https:\/\/lospoliticosveracruz.com.mx\/index.php?rest_route=\/wp\/v2\/posts\/98934\/revisions"}],"predecessor-version":[{"id":98936,"href":"https:\/\/lospoliticosveracruz.com.mx\/index.php?rest_route=\/wp\/v2\/posts\/98934\/revisions\/98936"}],"wp:attachment":[{"href":"https:\/\/lospoliticosveracruz.com.mx\/index.php?rest_route=%2Fwp%2Fv2%2Fmedia&parent=98934"}],"wp:term":[{"taxonomy":"category","embeddable":true,"href":"https:\/\/lospoliticosveracruz.com.mx\/index.php?rest_route=%2Fwp%2Fv2%2Fcategories&post=98934"},{"taxonomy":"post_tag","embeddable":true,"href":"https:\/\/lospoliticosveracruz.com.mx\/index.php?rest_route=%2Fwp%2Fv2%2Ftags&post=98934"}],"curies":[{"name":"wp","href":"https:\/\/api.w.org\/{rel}","templated":true}]}}