{"id":99226,"date":"2022-11-30T08:09:39","date_gmt":"2022-11-30T14:09:39","guid":{"rendered":"https:\/\/lospoliticosveracruz.com.mx\/?p=99226"},"modified":"2022-11-30T08:09:45","modified_gmt":"2022-11-30T14:09:45","slug":"supuestos-y-presupuestos","status":"publish","type":"post","link":"https:\/\/lospoliticosveracruz.com.mx\/?p=99226","title":{"rendered":"SUPUESTOS Y PRESUPUESTOS"},"content":{"rendered":"\n<p><\/p>\n\n\n\n<p><\/p>\n\n\n\n<p><strong>Rafael Arias Hern\u00e1ndez<\/strong><br><em>Mutatis mutandis<\/em><\/p>\n\n\n\n<p>Control y evaluaci\u00f3n de todo presupuesto gubernamental. Tiempos de considerar lo que se presenta, como pi\u00f1ata o regalo navide\u00f1o. Esto incluye la forma, superficial e incompleta, como se consideran por costumbre los presupuestos oficiales en nuestra Cultura. Obligado participar para mejorar.<\/p>\n\n\n\n<p>Para muchos en el poder o en el servicio p\u00fablico, se trata simplemente de saber de qu\u00e9 tama\u00f1o es el pastel para, de inmediato, iniciar el conocido proceso de concentraci\u00f3n y distribuci\u00f3n, caracterizado por el simple hecho, de que \u201cel que parte y recomprarte se queda con la mayor parte\u201d.<\/p>\n\n\n\n<p>D\u00edgase lo que se diga, hay mucho que cuestionar y m\u00e1s que hacer en cuanto los objetivos y alcances de este importante instrumento institucional, tanto en mejoras y evoluci\u00f3n en su integraci\u00f3n y aplicaci\u00f3n, como en su seguimiento, control y fiscalizaci\u00f3n p\u00fablicas; tanto en reconocimiento y fortalecimiento de lo bueno que se haga, como en se\u00f1alamiento y denuncia de los errores y horrores que ocasionen los encargados. Nunca olvidar que el pueblo acaba pagando.<\/p>\n\n\n\n<p>Desde siempre, en una Democracia que se jacte de serlo, es vital poner toda la atenci\u00f3n a este tipo de temas, en los cuales se deben considerar normas y disposiciones vigentes, instrumentos y mecanismos institucionales disponibles, y la difusi\u00f3n p\u00fablica y est\u00edmulo a la participaci\u00f3n social. Vital informar e informarse, sobre tama\u00f1o, integraci\u00f3n, aplicaci\u00f3n, resultados y previsi\u00f3n del puntual uso y buen manejo de los presupuestos oficiales.<\/p>\n\n\n\n<p>Todo es importante y merece la debida atenci\u00f3n, seguimiento y control, en cada \u00e1mbito y presentaci\u00f3n. Desde lo federal, hasta lo estatal, municipal y de organismos descentralizados, la importancia es evidente y notoria. Saber y evaluar lo que se hace o no, si sobra o falta, as\u00ed como los resultados y las tendencias. \u00bfSe debe presupuestar para sobre endeudar?<\/p>\n\n\n\n<p>Imposible ignorar o minimizar que persiste el centralismo heredado y vigente respecto al \u00e1mbito federal; se sabe que poco se ha avanzado en la descentralizaci\u00f3n y fortalecimiento del presupuesto propio, que es sin duda determinante instrumento y tema prioritario para cualquier gobierno.<\/p>\n\n\n\n<p>Oportuno se\u00f1alar que, en esta larga tradici\u00f3n centralista, se ha comprobado que, hay algunos aspectos positivos que deben reconocerse y que merecen ser consolidados y mejorados, en el important\u00edsimo aspecto de coordinaci\u00f3n y esfuerzo com\u00fan, de los \u00e1mbitos de gobierno (federal, estatal, municipal). Pues todos sin excepci\u00f3n, deben estar al servicio y atenci\u00f3n de la poblaci\u00f3n.<\/p>\n\n\n\n<p>Para empezar, hay que atender y ajustar la temporalidad de los procesos, as\u00ed como su efectividad. Debe mencionarse que en general se discute su elaboraci\u00f3n y preparaci\u00f3n; aunque no lo suficientemente en participaci\u00f3n, actualizaci\u00f3n y previsi\u00f3n, para lograr una mayor y mejor efectividad; y mucho menos, se ha dado la importancia a la evaluaci\u00f3n, esto es el conocimiento y aprovechamiento de resultados y consecuencias de lo realizado. \u00bfQu\u00e9 hay de la vigencia y efectividad del presupuesto por per\u00edodo y resultados? \u00bfQu\u00e9 hay de la permanente participaci\u00f3n y fiscalizaci\u00f3n indispensables? \u00bfY en qu\u00e9 ha quedado la urgente e imprescindible Contralor\u00eda social?<\/p>\n\n\n\n<p>Bien se sabe, que con frecuencia, en muchos casos hay y no hay presupuesto, pues la aplicaci\u00f3n se ha relajado, de acuerdo con el poder y decisi\u00f3n de quienes dicen gobernar. Nada raro que, con temas pendientes o en proceso, se logre una aprobaci\u00f3n previa y ya en ejercicio, sobre todo ante crisis financieras o econ\u00f3micas, se hagan ajustes. \u00bfHay transparencia y acceso a esta informaci\u00f3n? \u00bfQu\u00e9 hacen las autoridades encargadas de vigilar y fiscalizar?<\/p>\n\n\n\n<p>As\u00ed que no es raro, que, durante el a\u00f1o, se realicen ajustes en los ingresos y egresos aprobados. Y tambi\u00e9n se compruebe que algunos aspectos siguen en discusi\u00f3n y revisi\u00f3n. Lo m\u00e1s interesante es que ante esa realidad cambiante, con frecuencia y por costumbre, se sostienen los mismos objetivos y metas, los mismos medios e instrumentos. Habr\u00e1 que comprobar en cada caso, ver su efectividad dijo un ciego. Obligatorio informarse al respecto.<\/p>\n\n\n\n<p>A estas alturas debe se\u00f1alarse que, en todo caso, se trata de hacer que se atiendan bien y a tiempo, las m\u00faltiples y diversas actividades gubernamentales, empezando por el dise\u00f1o, construcci\u00f3n, aplicaci\u00f3n y evoluci\u00f3n del presupuesto, as\u00ed como su seguimiento, control, evaluaci\u00f3n y supervisi\u00f3n social.<\/p>\n\n\n\n<p>Y desde luego, tomar en cuenta un contexto internacional dif\u00edcil y complejo, a veces inestable y adverso, que en muchas formas influye y afecta. tanto en lo econ\u00f3mico-financiero, como en el bienestar social.<\/p>\n\n\n\n<p>Bajo esta perspectiva, es necesario poner la debida atenci\u00f3n a las pol\u00edticas econ\u00f3micas y financieras gubernamentales. Fortalecer y armonizar lo que apuntale los objetivos y prop\u00f3sitos del Desarrollo y Bienestar. Esto es, persistir en los objetivos, exigir que se cumpla con la ley y con los compromisos adquiridos.<\/p>\n\n\n\n<p>PRESUPUESTAR BIEN Y MEJOR<\/p>\n\n\n\n<p>No es conveniente, ni recomendable, desatender o no entender lo que se hace y dispone en cuesti\u00f3n de patrimonio y finanzas p\u00fablicas.<\/p>\n\n\n\n<p>Determinante revisar, actualizar y apuntalar lo que funciona, tanto lo administrativo como lo fiscal; para poder persistir en combatir pobreza, hambre e inseguridad; al mismo tiempo que se rescata y fortalece la actividad econ\u00f3mica.<\/p>\n\n\n\n<p>Exigir y asegurar responsabilidad y manejo eficiente y equilibrado del presupuesto, e insistir que, en general, no se debe gastar m\u00e1s de lo que ingresa; no m\u00e1s endeudamiento sin control, ni aumento injustificado de impuestos y, en principio, persistir en erradicar ineficiencia ya corrupci\u00f3n, para asegurar, incrementar y aprovechar recursos p\u00fablicos y atribuciones institucionales.<\/p>\n\n\n\n<p>En este contexto, sobresalen cuestiones centrales, como asegurar y controlar el gasto p\u00fablico, incrementar la inversi\u00f3n en infraestructura f\u00edsica, y mejorar desarrollo y bienestar. Esto implica recortar, reasignar y disciplinar monto y uso del presupuesto oficial..<\/p>\n\n\n\n<p>Redise\u00f1ar, ajustar y atender, tanto monto y cobertura, como impactos y efectos del gasto corriente, para lograr en la austeridad y eficiencia gubernamental, una transformaci\u00f3n que incluya, en verdad, a las mayor\u00edas.<\/p>\n\n\n\n<p>-Academico.IIESESUV @RafaelAriasH,Facebook:VeracruzHoydeRafaelAriasH<\/p>\n","protected":false},"excerpt":{"rendered":"<p>Rafael Arias Hern\u00e1ndezMutatis mutandis Control y evaluaci\u00f3n de todo presupuesto gubernamental. Tiempos de considerar lo que se presenta, como pi\u00f1ata o regalo navide\u00f1o. Esto incluye la forma, superficial e incompleta, como se consideran por costumbre los presupuestos oficiales en nuestra Cultura. Obligado participar para mejorar. Para muchos en el poder o en el servicio p\u00fablico, [&hellip;]<\/p>\n","protected":false},"author":2,"featured_media":0,"comment_status":"closed","ping_status":"closed","sticky":false,"template":"","format":"standard","meta":{"_jetpack_newsletter_access":"","_jetpack_dont_email_post_to_subs":false,"_jetpack_newsletter_tier_id":0,"_jetpack_memberships_contains_paywalled_content":false,"_jetpack_memberships_contains_paid_content":false,"footnotes":""},"categories":[70],"tags":[8032],"class_list":["post-99226","post","type-post","status-publish","format-standard","hentry","category-de-opinion","tag-rafael-arias-hernandez"],"jetpack_featured_media_url":"","jetpack_sharing_enabled":true,"jetpack_shortlink":"https:\/\/wp.me\/p4Qcd3-pOq","_links":{"self":[{"href":"https:\/\/lospoliticosveracruz.com.mx\/index.php?rest_route=\/wp\/v2\/posts\/99226","targetHints":{"allow":["GET"]}}],"collection":[{"href":"https:\/\/lospoliticosveracruz.com.mx\/index.php?rest_route=\/wp\/v2\/posts"}],"about":[{"href":"https:\/\/lospoliticosveracruz.com.mx\/index.php?rest_route=\/wp\/v2\/types\/post"}],"author":[{"embeddable":true,"href":"https:\/\/lospoliticosveracruz.com.mx\/index.php?rest_route=\/wp\/v2\/users\/2"}],"replies":[{"embeddable":true,"href":"https:\/\/lospoliticosveracruz.com.mx\/index.php?rest_route=%2Fwp%2Fv2%2Fcomments&post=99226"}],"version-history":[{"count":1,"href":"https:\/\/lospoliticosveracruz.com.mx\/index.php?rest_route=\/wp\/v2\/posts\/99226\/revisions"}],"predecessor-version":[{"id":99228,"href":"https:\/\/lospoliticosveracruz.com.mx\/index.php?rest_route=\/wp\/v2\/posts\/99226\/revisions\/99228"}],"wp:attachment":[{"href":"https:\/\/lospoliticosveracruz.com.mx\/index.php?rest_route=%2Fwp%2Fv2%2Fmedia&parent=99226"}],"wp:term":[{"taxonomy":"category","embeddable":true,"href":"https:\/\/lospoliticosveracruz.com.mx\/index.php?rest_route=%2Fwp%2Fv2%2Fcategories&post=99226"},{"taxonomy":"post_tag","embeddable":true,"href":"https:\/\/lospoliticosveracruz.com.mx\/index.php?rest_route=%2Fwp%2Fv2%2Ftags&post=99226"}],"curies":[{"name":"wp","href":"https:\/\/api.w.org\/{rel}","templated":true}]}}