{"id":99587,"date":"2022-12-06T07:23:59","date_gmt":"2022-12-06T13:23:59","guid":{"rendered":"https:\/\/lospoliticosveracruz.com.mx\/?p=99587"},"modified":"2022-12-06T07:24:10","modified_gmt":"2022-12-06T13:24:10","slug":"el-dia-d-de-la-sedema","status":"publish","type":"post","link":"https:\/\/lospoliticosveracruz.com.mx\/?p=99587","title":{"rendered":"EL D\u00cdA \u00abD\u00bb DE LA SEDEMA"},"content":{"rendered":"\n<p><strong>Ricardo Ch\u00faa<\/strong><\/p>\n\n\n\n<p><em>Sale y Vale<\/em><\/p>\n\n\n\n<p>Hoy por la ma\u00f1ana ser\u00e1 la comparecencia ante el Congreso del Estado, de uno de los personajes m\u00e1s se\u00f1alados de la 4T en Veracruz&#8230; El titular de la Secretar\u00eda de Medio Ambiente del gobierno estatal, Juan Carlos Contreras Bautista&#8230; Al cual, lo han se\u00f1alado de todo: Tr\u00e1fico de influencias, hechos de corrupci\u00f3n, da\u00f1os al medio ambiente y ahora hasta se\u00f1alado por acoso laboral en la Comisi\u00f3n Estatal de Derechos Humanos (CEDH)&#8230; Todo esto se ha desatado en estas semanas&#8230; Y Cuitl\u00e1huac Garc\u00eda&#8230; No dice nada&#8230;\u00a0<\/p>\n\n\n<div class=\"wp-block-image\">\n<figure class=\"alignleft size-medium\"><a href=\"https:\/\/lospoliticosveracruz.com.mx\/wp-content\/uploads\/2021\/10\/WhatsApp-Image-2021-10-02-at-15.20.25.jpeg\"><img loading=\"lazy\" decoding=\"async\" width=\"212\" height=\"300\" src=\"https:\/\/lospoliticosveracruz.com.mx\/wp-content\/uploads\/2021\/10\/WhatsApp-Image-2021-10-02-at-15.20.25-212x300.jpeg\" alt=\"\" class=\"wp-image-80177\" srcset=\"https:\/\/lospoliticosveracruz.com.mx\/wp-content\/uploads\/2021\/10\/WhatsApp-Image-2021-10-02-at-15.20.25-212x300.jpeg 212w, https:\/\/lospoliticosveracruz.com.mx\/wp-content\/uploads\/2021\/10\/WhatsApp-Image-2021-10-02-at-15.20.25-724x1024.jpeg 724w, https:\/\/lospoliticosveracruz.com.mx\/wp-content\/uploads\/2021\/10\/WhatsApp-Image-2021-10-02-at-15.20.25-768x1086.jpeg 768w, https:\/\/lospoliticosveracruz.com.mx\/wp-content\/uploads\/2021\/10\/WhatsApp-Image-2021-10-02-at-15.20.25.jpeg 905w\" sizes=\"auto, (max-width: 212px) 100vw, 212px\" \/><\/a><\/figure><\/div>\n\n\n<p>Tiene ya algunas semanas que en este espacio, se ha manejado lo que presuntamente est\u00e1 sucediendo con estas situaciones poco claras en la SEDEMA y sus altos funcionarios que la dirigen&#8230; Donde supuestamente tienen el aval del gobernador de Veracruz&#8230; Para hacer y deshacer lo que quieran&#8230; Ah\u00ed est\u00e1n las denuncias de las v\u00edctimas de violencia de g\u00e9nero y en donde implican las que est\u00e1n hechas directamente a la Comisi\u00f3n Estatal de Derechos Humanos (CEDH)&#8230; Ser\u00e1 que los diputados locales se la recuerden hoy,..<\/p>\n\n\n\n<p>Sobre todo las denuncias que est\u00e1n directamente contra Juan Carlos Contreras Bautista&#8230;&nbsp;&nbsp;Mismas que fueron realizadas porque presuntamente el titular de la SEDEMA ha humillado a personal de la dependencia a su cargo&#8230; Por eso, tomaron el valor necesario y el riesgo de perder su trabajo pero fueron ante la CEDH a denunciar estos hechos.. Pero no s\u00f3lo fue contra Contreras Bautista sino tambi\u00e9n contra funcionarias como Karolina Ginez, subsecretar\u00eda de Medio Ambiente&#8230;<\/p>\n\n\n\n<p>La denuncia se\u00f1ala que los bur\u00f3cratas de la SEDEMA&nbsp;&nbsp;han puesto en evidencia que Contreras Bautista tiene la extra\u00f1a preferencia de maltratar a mujeres.. Situaci\u00f3n que se vio reflejada con sus funcionarias cercanas&nbsp;&nbsp;que fueron maltratadas por el mismo personaje.. Pero lo grave era que la Jefa de Unidad de G\u00e9nero de la SEDEMA, Kenia Mart\u00ednez, no hace nada al respecto y que nunca la encuentran en su oficina, situaci\u00f3n que ya ha sido se\u00f1alada en varios medios de comunicaci\u00f3n..&nbsp;<\/p>\n\n\n\n<p>Nos cuentan por eso, que ser\u00e1 sometido a una serie de cuestionamientos de los diputados locales.. Para aclarar no s\u00f3lo estos temas sino toda la informaci\u00f3n de la cual se cuenta, que en este momento, est\u00e1 metiendo a sus amigos sin ning\u00fan tipo experiencia ambiental a estos cargos en la dependencia.. Pero que en vez de que sea para beneficiar al medio ambiente, tambi\u00e9n lo hacen para empezar a trabajar su presunta candidatura a la diputaci\u00f3n federal por Xalapa&#8230;<\/p>\n\n\n\n<p>Ya que no s\u00f3lo est\u00e1 inmerso en un tema pol\u00edtico que a\u00fan a \u00e9l no le compete&#8230; Y no se fija en cuestiones como el caso de las licitaciones p\u00fablicas, mismas que no se conocen y que no las publican&#8230; Si bien es cierto, ya se tienen datos y pruebas de estos hechos que ya son p\u00fablicos.. Se espera que despu\u00e9s de la comparecencia con diputados locales, el gobernador,&nbsp;&nbsp;Cuitl\u00e1huac Garc\u00eda tome cartas en el asunto de las presuntas acciones cometidas por Juan Carlos Contreras Bautsita, titular de la SeDeMa&#8230;<\/p>\n\n\n\n<p>Seguramente el funcionario estatal hoy ser\u00e1 fuertemente cuestionado por los diputados locales en la comparecencia.. Y, quiz\u00e1s, mucha de su suerte en un futuro pr\u00f3ximo en la SEDEMA dependa de ello&#8230; Por eso, intenta a toda costa que personajes y amigos cercanos lo ayuden a tapar denuncias en su contra y presuntos negocios hechos al amparo del poder para no verse afectado.. Pero en esto, no hay plazo que no se cumpla.. Y en unas horas, se le cumplir\u00e1 a Juan Carlos Contreras.. AMEN&#8230;&nbsp;<\/p>\n\n\n\n<p>EL PRIMER INFORME DE UNANUE&#8230; Las expectativas levantadas por el 1er Informe de Gobierno del alcalde de Boca del R\u00edo, Juan Manuel Unanue Abascal, fueron completamente rebasadas.. Hab\u00eda de todo en el WTC boque\u00f1o, lugar en donde se llev\u00f3 a cabo, desde \u00abSirios y Troyanos\u00bb.. Fueron de todos los \u00abcolores y sabores\u00bb.. Tanto as\u00ed que no cab\u00eda ya un \u00abalma\u00bb en los salones de este centro de convenciones.. Hasta representantes de MORENA estuvieron presentes.. \u00bfCivilidad o empat\u00eda?.. Pero el lugar estaba a \u00abreventar\u00bb&#8230;<\/p>\n\n\n\n<p>No fue precisamente una pasarela pol\u00edtica pero hab\u00eda panistas, priistas, morenistas, hasta Juan Javier G\u00f3mez Cazar\u00edn, estuvo presente&#8230; Obvio uno de los m\u00e1s aplaudidos fue el dos veces alcalde de Boca del R\u00edo, Miguel \u00c1ngel Yunes M\u00e1rquez, acompa\u00f1ado de su esposa, la alcaldesa de Veracruz puerto, Patricia Lobeira Rodr\u00edguez&#8230; Tambi\u00e9n fue destacado lo \u00abarropado\u00bb que estuvo Unanue con los empresarios, al final, son los que viven en esta ciudad y lo que hace ser a este municipio el lugar m\u00e1s tur\u00edstico y de negocios en la entidad veracruzana&#8230;<\/p>\n\n\n\n<p>De la misma manera, ese tema fue lo m\u00e1s destacado en el discurso de su 1er Informe que era de que esta ciudad fue la de mayor recuperaci\u00f3n econ\u00f3mica tras la pandemia del COVID 19&#8230; Ya que los n\u00fameros que mostr\u00f3, al menos, de este \u00faltimo semestre del 2022, se abrieron 71 nuevas empresas y que estas han invertido en Boca del R\u00edo, lo cual est\u00e1 dejando una derrama econ\u00f3mica superior a los 150 millones de pesos&#8230; Y que la primera parte de la recuperaci\u00f3n econ\u00f3mica se prepar\u00f3 con eventos culturales, art\u00edsticos y deportivos&#8230;<\/p>\n\n\n\n<p>Lo que recalc\u00f3 Unanue es que estos eventos fueron casi 150 en el todo el transcurso del 2022, entre los que destacan conciertos musicales, maratones y exposiciones&#8230; Pero que en Boca del R\u00edo se tuvo temporadas altas y fueron un escenario de una ocupaci\u00f3n hotelera que super\u00f3 por mucho los a\u00f1os anteriores&#8230; Logrando con ello la mayor recuperaci\u00f3n tur\u00edstica del estado&#8230; Esto fue gracias al trabajo de todos, empresarios, trabajadores y gobierno&#8230;<\/p>\n\n\n\n<p>Adem\u00e1s Juan Manuel Unanue dijo que ocupando la tecnolog\u00eda y las redes sociales, se impulsaron a los peque\u00f1os comercios del municipio de Boca del R\u00edo&#8230; Logrando incrementar en un 35 por ciento los ingresos de los cerca de 600 comercios que hasta el momento se tienen registrados en el programa \u00abA Pedir de Boca\u00bb&#8230; Al final de cuentas, este informe se destac\u00f3 no s\u00f3lo por la \u00abgrilla\u00bb pol\u00edtica, sino porque los datos duros dados por el alcalde boque\u00f1o en este acto est\u00e1n a la vista.. AMEN..<\/p>\n","protected":false},"excerpt":{"rendered":"<p>Ricardo Ch\u00faa Sale y Vale Hoy por la ma\u00f1ana ser\u00e1 la comparecencia ante el Congreso del Estado, de uno de los personajes m\u00e1s se\u00f1alados de la 4T en Veracruz&#8230; El titular de la Secretar\u00eda de Medio Ambiente del gobierno estatal, Juan Carlos Contreras Bautista&#8230; Al cual, lo han se\u00f1alado de todo: Tr\u00e1fico de influencias, hechos [&hellip;]<\/p>\n","protected":false},"author":2,"featured_media":0,"comment_status":"closed","ping_status":"closed","sticky":false,"template":"","format":"standard","meta":{"_jetpack_newsletter_access":"","_jetpack_dont_email_post_to_subs":false,"_jetpack_newsletter_tier_id":0,"_jetpack_memberships_contains_paywalled_content":false,"_jetpack_memberships_contains_paid_content":false,"footnotes":""},"categories":[70],"tags":[1563,29118,32106,1026,13604,1036,195,3360],"class_list":["post-99587","post","type-post","status-publish","format-standard","hentry","category-de-opinion","tag-cuitlahuac-garcia-jimenez","tag-juan-carlos-contreras-bautista","tag-juan-manuel-unanue-abascal-2","tag-morena","tag-ricardo-chua","tag-sedema","tag-veracruz","tag-violencia-de-genero"],"jetpack_featured_media_url":"","jetpack_sharing_enabled":true,"jetpack_shortlink":"https:\/\/wp.me\/p4Qcd3-pUf","_links":{"self":[{"href":"https:\/\/lospoliticosveracruz.com.mx\/index.php?rest_route=\/wp\/v2\/posts\/99587","targetHints":{"allow":["GET"]}}],"collection":[{"href":"https:\/\/lospoliticosveracruz.com.mx\/index.php?rest_route=\/wp\/v2\/posts"}],"about":[{"href":"https:\/\/lospoliticosveracruz.com.mx\/index.php?rest_route=\/wp\/v2\/types\/post"}],"author":[{"embeddable":true,"href":"https:\/\/lospoliticosveracruz.com.mx\/index.php?rest_route=\/wp\/v2\/users\/2"}],"replies":[{"embeddable":true,"href":"https:\/\/lospoliticosveracruz.com.mx\/index.php?rest_route=%2Fwp%2Fv2%2Fcomments&post=99587"}],"version-history":[{"count":1,"href":"https:\/\/lospoliticosveracruz.com.mx\/index.php?rest_route=\/wp\/v2\/posts\/99587\/revisions"}],"predecessor-version":[{"id":99588,"href":"https:\/\/lospoliticosveracruz.com.mx\/index.php?rest_route=\/wp\/v2\/posts\/99587\/revisions\/99588"}],"wp:attachment":[{"href":"https:\/\/lospoliticosveracruz.com.mx\/index.php?rest_route=%2Fwp%2Fv2%2Fmedia&parent=99587"}],"wp:term":[{"taxonomy":"category","embeddable":true,"href":"https:\/\/lospoliticosveracruz.com.mx\/index.php?rest_route=%2Fwp%2Fv2%2Fcategories&post=99587"},{"taxonomy":"post_tag","embeddable":true,"href":"https:\/\/lospoliticosveracruz.com.mx\/index.php?rest_route=%2Fwp%2Fv2%2Ftags&post=99587"}],"curies":[{"name":"wp","href":"https:\/\/api.w.org\/{rel}","templated":true}]}}