{"id":99589,"date":"2022-12-06T07:31:11","date_gmt":"2022-12-06T13:31:11","guid":{"rendered":"https:\/\/lospoliticosveracruz.com.mx\/?p=99589"},"modified":"2022-12-06T07:31:17","modified_gmt":"2022-12-06T13:31:17","slug":"lo-que-faltaba-el-titular-de-salud-comparecio-con-neumonia","status":"publish","type":"post","link":"https:\/\/lospoliticosveracruz.com.mx\/?p=99589","title":{"rendered":"LO QUE FALTABA: EL TITULAR DE SALUD COMPARECI\u00d3 CON NEUMON\u00cdA&nbsp;"},"content":{"rendered":"\n<p><strong>Bernardo Guti\u00e9rrez Parra<\/strong>\u00a0<\/p>\n\n\n\n<p><em>Desde el Caf\u00e9\u00a0<\/em><\/p>\n\n\n\n<p>Si uno se asoma a la hoja curricular de Gerardo D\u00edaz Morales, titular de la Secretar\u00eda de Salud, se dar\u00e1 cuenta que ha hecho m\u00e9ritos m\u00e1s que suficientes para ocupar esa cartera. Ha sido asesor del mandatario estatal, \u00bfen qu\u00e9? qui\u00e9n sabe. Pero adem\u00e1s, ha fungido como su representante en distintos eventos p\u00fablicos. \u00a1Y qu\u00e9 eventos!<\/p>\n\n\n<div class=\"wp-block-image\">\n<figure class=\"alignleft size-medium\"><a href=\"https:\/\/lospoliticosveracruz.com.mx\/wp-content\/uploads\/2021\/10\/Zacauilt.jpg\"><img decoding=\"async\" src=\"https:\/\/lospoliticosveracruz.com.mx\/wp-content\/uploads\/2021\/10\/Zacauilt-150x300.jpg\" alt=\"\" class=\"wp-image-80558\"\/><\/a><\/figure><\/div>\n\n\n<p>A principios de 2019 acudi\u00f3 a una graduaci\u00f3n de Auxiliares Examinadoras T\u00e1ctiles para Manos que Salvan Vidas M\u00e9xico, en representaci\u00f3n de Cuitl\u00e1huac Garc\u00eda. En mayo de ese a\u00f1o acudi\u00f3 a un evento en la Cl\u00ednica del ISSSTE de Xalapa, donde se entregaron 18 mil piezas de ropa hospitalaria.<\/p>\n\n\n\n<p>Su hojita curricular agrega: \u201cEste a\u00f1o acudi\u00f3 como representante del Ejecutivo en Veracruz al Segundo Informe de Labores 2021 y Programa de Trabajo 2022 de Mar\u00eda de Lourdes Carranza Bernal, representante del Instituto Mexicano del Seguro Social en Veracruz Norte. Tambi\u00e9n ha participado en manifestaciones en las que pacientes y familiares de estos reclamaron la falta de medicamentos en el Centro Estatal de Cancerolog\u00eda \u2018Miguel Dorantes Mesa\u2019\u201d. Y listo, con eso tuvo el se\u00f1or para ser el m\u00e9dico de los veracruzanos.&nbsp;<\/p>\n\n\n\n<p>Ni una especialidad, ni un simposio, ni una c\u00e1tedra. Nada de nada. La hojita curricular no dice ni cu\u00e1ndo ni d\u00f3nde naci\u00f3, s\u00f3lo que se gradu\u00f3 como m\u00e9dico cirujano en la Universidad Veracruzana en 1982.&nbsp;<\/p>\n\n\n\n<p>Don Gerardo es una persona de la tercera edad que por obvias razones comienza a pasar aceite, tan es as\u00ed que tuvo que ser nebulizado antes de la comparecencia a la que lleg\u00f3 tosiendo y con neumon\u00eda, lo que me pareci\u00f3 un triple atentado.&nbsp;<\/p>\n\n\n\n<p>Uno, la comparecencia debi\u00f3 suspenderse o hacerse a distancia porque a la edad del se\u00f1or hasta un catarro puede ser mortal. Dos, no me explico c\u00f3mo es que siendo m\u00e9dico cirujano ignore que la neumon\u00eda se dispara a fines de oto\u00f1o y todo el invierno por las bajas temperaturas. Y tres, tampoco se puso a pensar en el contagiadero que puede trasmitir a quienes estuvieron cerca de \u00e9l. \u00bfQu\u00e9 tal si en lugar de neumon\u00eda es coronavirus?&nbsp;<\/p>\n\n\n\n<p>Nada ten\u00eda que hacer en el Congreso cuando el sentido com\u00fan recomienda reposo en cama.&nbsp;<\/p>\n\n\n\n<p>\u00bfQu\u00e9 lo mover\u00eda a asistir? \u00bfEl sentido del deber? Qui\u00e9n sabe. Quiz\u00e1 la verdadera causa es que nunca hab\u00eda sido el centro de atenci\u00f3n como ayer y pudo m\u00e1s su ego que la neumon\u00eda.&nbsp;<\/p>\n\n\n\n<p>Con apenas seis meses en el cargo, D\u00edaz Morales ley\u00f3 con cierta dificultad el informe que le prepararon sus asesores plagado de cifras alegres y donde el hospital de Perote volvi\u00f3 a ser el caballito de batalla con el que ha presumido el gobierno estatal de julio para ac\u00e1. \u00bfYa no se inundar\u00e1 como se inund\u00f3 horas despu\u00e9s de su inauguraci\u00f3n?&nbsp;<\/p>\n\n\n\n<p>Tan novato est\u00e1 don Gerardo que abri\u00f3 tama\u00f1os ojos cuando el diputado del PRI, Marlon Ram\u00edrez Mar\u00edn, puso de su conocimiento que la Secretar\u00eda de Salud le entreg\u00f3 33 contratos por un monto de 62 millones de pesos a la se\u00f1ora Araly Rodriguez Vez, una mujer que aparte de trabajar en la SEV cobrando 7 mil 200 pesos, firm\u00f3 otro contrato por 40 millones de pesos por la venta de uniformes a la Secretar\u00eda de Seguridad P\u00fablica.&nbsp;<\/p>\n\n\n\n<p>Es decir, esta mujer que cobra un sueldo muy modesto en una dependencia p\u00fablica, ha hecho negocios por m\u00e1s de 100 millones de pesos con dos de las secretar\u00edas m\u00e1s importantes del estado.&nbsp;<\/p>\n\n\n\n<p>Marlon le entreg\u00f3 un sobre con cincuenta preguntas que el secretario de Salud se comprometi\u00f3 responder en 48 horas y fue m\u00e1s all\u00e1. \u201cLo invito a mi oficina para que platiquemos de estos temas\u201d le dijo al diputado tricolor que de inmediato le tom\u00f3 la palabra.&nbsp;<\/p>\n\n\n\n<p>Pero esa reuni\u00f3n dif\u00edcilmente se concretar\u00e1. Puedes apostar lector a que saliendo de la comparecencia le hablaron de arriba para ordenarle que la cancele y obedecer\u00e1.&nbsp;<\/p>\n\n\n\n<p>No s\u00e9 por qu\u00e9 pero me late que a Gerardo D\u00edaz Morales lo pusieron en la Secretar\u00eda de Salud para que pague los platos que rompi\u00f3 su antecesor Roberto Ramos Alor, un truhan que deber\u00eda estar respondiendo ante un juez al menos por desv\u00edo de recursos y latrocinio.&nbsp;<\/p>\n\n\n\n<p>Ojal\u00e1 no le pase lo que a Antonio G\u00f3mez Pelegr\u00edn, el sexto titular de Sefiplan en tiempos de Javier Duarte, al que sin ser un santo quisieron cargarle los muertos de ese sexenio infausto y lo metieron un a\u00f1o en prisi\u00f3n.&nbsp;<\/p>\n\n\n\n<p>Pienso que don Gerardo D\u00edaz est\u00e1 a tiempo de decir \u201ccon permiso y ah\u00ed nos vemos\u201d y regresar a asesorar y representar al se\u00f1or gobernador, en lugar de sufrir sofocones, sudar calenturas ajenas y pagar vajillas que no rompi\u00f3.&nbsp;<\/p>\n\n\n\n<p>El cochinero que le dej\u00f3 Ramos Alor es adem\u00e1s una cloaca en la que puede caer y hundirse el m\u00e9dico cirujano.&nbsp;<\/p>\n\n\n\n<p><strong>Standard &amp; Poor\u2019s mejora la calificaci\u00f3n crediticia para Veracruz\u00a0<\/strong><\/p>\n\n\n\n<p>A principios de este mes la calificadora internacional Standard &amp; Poor\u2019s, dio a conocer que elev\u00f3 a triple B la calificaci\u00f3n crediticia de Veracruz, con lo que en estos cuatro a\u00f1os la entidad ha logrado mejorar en 16 ocasiones su calificaci\u00f3n, destac\u00f3 el titular de la Secretar\u00eda de Finanzas y Planeaci\u00f3n, Jos\u00e9 Luis Lima Franco.<\/p>\n\n\n\n<p>El funcionario dijo que esto representa un avance importante para la entidad, pues luego de la situaci\u00f3n en que se recibi\u00f3 la administraci\u00f3n se ha logrado revertir gradualmente esta problem\u00e1tica.<\/p>\n\n\n\n<p>Lima Franco dej\u00f3 en claro que el cambio de BBB- a BBB genera una mayor confianza crediticia a Veracruz. \u201cSirve para que el estado pueda pagar menos intereses y sirve para ganar confianza y atraer m\u00e1s inversiones y generar mayores empleos\u201d.<\/p>\n\n\n\n<p>Agreg\u00f3 que este reconocimiento que hace Standard &amp; Poor\u2019s, se deriva de los resultados que en materia econ\u00f3mica y administraci\u00f3n de los recursos p\u00fablicos, se han planteado por parte del Ejecutivo estatal, donde se destaca la transparencia as\u00ed como el adelanto de pagos para disminuir la deuda heredada.&nbsp;<\/p>\n\n\n\n<p>\u201cMejora dos puntos muy importantes, uno que hay una mayor transparencia presupuestal y dos, que hay una reducci\u00f3n constante de la deuda en Veracruz. Esto se ha logrado gracias a las pol\u00edticas implementadas por el gobernador Cuitl\u00e1huac Garc\u00eda de contenci\u00f3n del gasto, de honestidad y de lucha contra la corrupci\u00f3n que han logrado esta mejor\u00eda en las finanzas\u201d, finaliz\u00f3.<\/p>\n\n\n\n<p>bernardogup@hotmail.com<\/p>\n","protected":false},"excerpt":{"rendered":"<p>Bernardo Guti\u00e9rrez Parra\u00a0 Desde el Caf\u00e9\u00a0 Si uno se asoma a la hoja curricular de Gerardo D\u00edaz Morales, titular de la Secretar\u00eda de Salud, se dar\u00e1 cuenta que ha hecho m\u00e9ritos m\u00e1s que suficientes para ocupar esa cartera. Ha sido asesor del mandatario estatal, \u00bfen qu\u00e9? qui\u00e9n sabe. Pero adem\u00e1s, ha fungido como su representante [&hellip;]<\/p>\n","protected":false},"author":2,"featured_media":0,"comment_status":"closed","ping_status":"closed","sticky":false,"template":"","format":"standard","meta":{"_jetpack_newsletter_access":"","_jetpack_dont_email_post_to_subs":false,"_jetpack_newsletter_tier_id":0,"_jetpack_memberships_contains_paywalled_content":false,"_jetpack_memberships_contains_paid_content":false,"footnotes":""},"categories":[70],"tags":[34206,36491,33369,2908,12606,995,36492],"class_list":["post-99589","post","type-post","status-publish","format-standard","hentry","category-de-opinion","tag-bernardo-gutierrez-parra","tag-centro-estatal-de-cancerologia-miguel-dorantes-mesa","tag-gerardo-diaz-morales","tag-marlon-ramirez-marin","tag-roberto-ramos-alor","tag-secretaria-de-salud","tag-standard-poors-2"],"jetpack_featured_media_url":"","jetpack_sharing_enabled":true,"jetpack_shortlink":"https:\/\/wp.me\/p4Qcd3-pUh","_links":{"self":[{"href":"https:\/\/lospoliticosveracruz.com.mx\/index.php?rest_route=\/wp\/v2\/posts\/99589","targetHints":{"allow":["GET"]}}],"collection":[{"href":"https:\/\/lospoliticosveracruz.com.mx\/index.php?rest_route=\/wp\/v2\/posts"}],"about":[{"href":"https:\/\/lospoliticosveracruz.com.mx\/index.php?rest_route=\/wp\/v2\/types\/post"}],"author":[{"embeddable":true,"href":"https:\/\/lospoliticosveracruz.com.mx\/index.php?rest_route=\/wp\/v2\/users\/2"}],"replies":[{"embeddable":true,"href":"https:\/\/lospoliticosveracruz.com.mx\/index.php?rest_route=%2Fwp%2Fv2%2Fcomments&post=99589"}],"version-history":[{"count":1,"href":"https:\/\/lospoliticosveracruz.com.mx\/index.php?rest_route=\/wp\/v2\/posts\/99589\/revisions"}],"predecessor-version":[{"id":99590,"href":"https:\/\/lospoliticosveracruz.com.mx\/index.php?rest_route=\/wp\/v2\/posts\/99589\/revisions\/99590"}],"wp:attachment":[{"href":"https:\/\/lospoliticosveracruz.com.mx\/index.php?rest_route=%2Fwp%2Fv2%2Fmedia&parent=99589"}],"wp:term":[{"taxonomy":"category","embeddable":true,"href":"https:\/\/lospoliticosveracruz.com.mx\/index.php?rest_route=%2Fwp%2Fv2%2Fcategories&post=99589"},{"taxonomy":"post_tag","embeddable":true,"href":"https:\/\/lospoliticosveracruz.com.mx\/index.php?rest_route=%2Fwp%2Fv2%2Ftags&post=99589"}],"curies":[{"name":"wp","href":"https:\/\/api.w.org\/{rel}","templated":true}]}}