{"id":99599,"date":"2022-12-06T08:58:41","date_gmt":"2022-12-06T14:58:41","guid":{"rendered":"https:\/\/lospoliticosveracruz.com.mx\/?p=99599"},"modified":"2022-12-06T08:58:45","modified_gmt":"2022-12-06T14:58:45","slug":"chance-va-pvem-solo-al-2024","status":"publish","type":"post","link":"https:\/\/lospoliticosveracruz.com.mx\/?p=99599","title":{"rendered":"CHANCE VA PVEM SOLO AL 2024"},"content":{"rendered":"\n<p><strong>Karla M\u00e9ndez<br><\/strong>Xalapa, Ver.- El secretario de Organizaci\u00f3n del Partido Verde Ecologista de M\u00e9xico a nivel nacional, Javier Herrera Borunda, mencion\u00f3 que existe la posibilidad de que su partido vaya solo en las elecciones del 2024, ya que asegura cuentan con grandes posibles perfiles como lo es el actual alcalde de Xalapa, Ricardo Ahued Bardahuil.<\/p>\n\n\n\n<p>En entrevista, se\u00f1al\u00f3 que ellos como partido tienen una alianza con el presidente de la Rep\u00fablica, Andr\u00e9s Manuel L\u00f3pez Obrador, pero rumbo a las pr\u00f3ximas elecciones platicaran con varias corrientes pol\u00edticas e incluso al final decidan ya no formar alianza con MORENA.<\/p>\n\n\n\n<p>\u00abEstamos en una alianza nacional que llevamos con el presidente Andr\u00e9s Manuel L\u00f3pez Obrador y la legislativa ah\u00ed sigue; llegando el momento platicaremos con todas las expresiones pol\u00edticas\u00bb.<\/p>\n\n\n\n<p>Respecto a las posibles candidatos y aliados pol\u00edticos, revel\u00f3 que con quien tiene mejor relaci\u00f3n el partido y acercamiento es el alcalde Ricardo Ahued, adem\u00e1s del regidor Daniel Fern\u00e1ndez Carri\u00f3n, por lo que no dud\u00f3 que haya buenos candidatos para el 2024.<\/p>\n\n\n\n<p>Finalmente, se\u00f1al\u00f3 que buscar\u00e1n aumentar el n\u00famero de militantes en el estado a 100 mil, ya que actualmente cuentan con 60 mil y por eso regresan a las colonias, a las bases para sentar una ruta.<\/p>\n","protected":false},"excerpt":{"rendered":"<p>Karla M\u00e9ndezXalapa, Ver.- El secretario de Organizaci\u00f3n del Partido Verde Ecologista de M\u00e9xico a nivel nacional, Javier Herrera Borunda, mencion\u00f3 que existe la posibilidad de que su partido vaya solo en las elecciones del 2024, ya que asegura cuentan con grandes posibles perfiles como lo es el actual alcalde de Xalapa, Ricardo Ahued Bardahuil. En [&hellip;]<\/p>\n","protected":false},"author":2,"featured_media":0,"comment_status":"closed","ping_status":"closed","sticky":false,"template":"","format":"standard","meta":{"_jetpack_newsletter_access":"","_jetpack_dont_email_post_to_subs":false,"_jetpack_newsletter_tier_id":0,"_jetpack_memberships_contains_paywalled_content":false,"_jetpack_memberships_contains_paid_content":false,"footnotes":""},"categories":[6446],"tags":[618,1124,1026,1729,195],"class_list":["post-99599","post","type-post","status-publish","format-standard","hentry","category-la-nota","tag-andres-manuel-lopez-obrador","tag-javier-herrera-borunda","tag-morena","tag-partido-verde-ecologista-de-mexico","tag-veracruz"],"jetpack_featured_media_url":"","jetpack_sharing_enabled":true,"jetpack_shortlink":"https:\/\/wp.me\/p4Qcd3-pUr","_links":{"self":[{"href":"https:\/\/lospoliticosveracruz.com.mx\/index.php?rest_route=\/wp\/v2\/posts\/99599","targetHints":{"allow":["GET"]}}],"collection":[{"href":"https:\/\/lospoliticosveracruz.com.mx\/index.php?rest_route=\/wp\/v2\/posts"}],"about":[{"href":"https:\/\/lospoliticosveracruz.com.mx\/index.php?rest_route=\/wp\/v2\/types\/post"}],"author":[{"embeddable":true,"href":"https:\/\/lospoliticosveracruz.com.mx\/index.php?rest_route=\/wp\/v2\/users\/2"}],"replies":[{"embeddable":true,"href":"https:\/\/lospoliticosveracruz.com.mx\/index.php?rest_route=%2Fwp%2Fv2%2Fcomments&post=99599"}],"version-history":[{"count":1,"href":"https:\/\/lospoliticosveracruz.com.mx\/index.php?rest_route=\/wp\/v2\/posts\/99599\/revisions"}],"predecessor-version":[{"id":99600,"href":"https:\/\/lospoliticosveracruz.com.mx\/index.php?rest_route=\/wp\/v2\/posts\/99599\/revisions\/99600"}],"wp:attachment":[{"href":"https:\/\/lospoliticosveracruz.com.mx\/index.php?rest_route=%2Fwp%2Fv2%2Fmedia&parent=99599"}],"wp:term":[{"taxonomy":"category","embeddable":true,"href":"https:\/\/lospoliticosveracruz.com.mx\/index.php?rest_route=%2Fwp%2Fv2%2Fcategories&post=99599"},{"taxonomy":"post_tag","embeddable":true,"href":"https:\/\/lospoliticosveracruz.com.mx\/index.php?rest_route=%2Fwp%2Fv2%2Ftags&post=99599"}],"curies":[{"name":"wp","href":"https:\/\/api.w.org\/{rel}","templated":true}]}}