{"id":9991,"date":"2007-04-19T22:27:00","date_gmt":"2007-04-19T22:27:00","guid":{"rendered":"http:\/\/www.lospoliticosveracruz.com.mx\/?p=9991"},"modified":"2014-10-09T03:09:30","modified_gmt":"2014-10-09T03:09:30","slug":"gastritis","status":"publish","type":"post","link":"https:\/\/lospoliticosveracruz.com.mx\/?p=9991","title":{"rendered":"Gastritis"},"content":{"rendered":"<p>Salvador Mu\u00f1oz<\/p>\n<p>La psicosis por la guerra entre \u201cbandas del mal\u201d en Veracruz se desat\u00f3. Tanto el procurador Emeterio L\u00f3pez, como los secretarios de Seguridad P\u00fablica y de Gobierno, Juan Manuel Orozco M\u00e9ndez y Reynaldo Escobar, respectivamente, han sufrido en su salud (ehhh\u2026 ahora s\u00ed se refiere uno a su salud f\u00edsica), un gran deterioro, que el Gobernador Fidel Herrera Beltr\u00e1n mand\u00f3 a llamar al mejor gastroenter\u00f3logo del pa\u00eds: Felipe Calder\u00f3n Hinojosa.<br \/>\u2013Carvallo, ag\u00e9ndame una cita para mis muchachos con el gastroenter\u00f3logo\u2013 dec\u00eda el Uno a Alejandro, quien de inmediato, ya lo ten\u00eda agendado para este fin de semana.<br \/>\u2013Maestro\u2026 \u00bfpuedo hacer una pregunta?\u2013 el sensei respondi\u00f3 con una mirada, \u201c\u00bfc\u00f3mo sabe que necesitan a un gastroenter\u00f3logo?\u201d<br \/>\u2013Elemental, mi querido Alejandro, por los reflujos\u2013, respondi\u00f3 el Maestro.<br \/>Alejandro, con agenda en mano, dud\u00f3: \u201c\u00bfSe refiere a Tonicho, Ben\u00edtez Lucho y Arturo Quirarte?\u201d<br \/>\u2013\u00a1Nooo!, dije reflujos, no re-flojos\u2026 por cierto, qu\u00e9 bueno que me recuerdas esto: \u00a1Voy a pedir a todos mis funcionarios que redoblen esfuerzos! \u00a1Que ya no hagan tarugadas\u2026 como el Chup\u00f3n! \u00a1Mira que llegar borracho a la escena del crimen!<br \/>Atento, con agenda en mano, Alejandro le comenta: \u201cAcaba de llegar el parte informativo del General sobre este hecho\u2026\u201d<br \/>\u2013\u00bfQu\u00e9 dice?<br \/>Aclarando la garganta, Alejandro empez\u00f3 la lectura:<br \/>\u201cSe\u00f1or (hic) Gobernador:<br \/>De acuerdo a lo manejado (hic) por la prensa difamatoria, (hic) calumniadora y difamadora, respecto a que llegu\u00e9 borracho (hic) a una escena del crimen, d\u00e9jeme comentarle que (hic) no hay prueba que determine tal cosa\u2026 (hic) no hay fotos (hic) ni apuntes ni grabadoras (hic) es todo\u2026 \u00a1salud!, digo\u2026 a sus \u00f3rdenes\u201d.<br \/>\u2013Es cuanto m\u00e1s, Maestro\u2026<br \/>El Gober quiso o\u00edrlo de viva voz y pidi\u00f3 que lo comunicaran directamente con el General Chup\u00f3n. Lo sorprendente es que fue Juan Manuel quien contest\u00f3 directamente el tel\u00e9fono\u2026<br \/>\u2013\u00bfY tu secretaria?\u2013 pregunt\u00f3 Alejandro\u2026<br \/>\u2013La corr\u00ed\u2026<br \/>\u2013\u00bfY eso?<br \/>\u2013Por eficiente\u2026 mira que poner en el parte informativo mi hipo\u2026 \u00a1No se vale!<br \/>\u2013\u00bfEhhh? Bueno, el Maestro quiere hablar contigo\u2026 Pone al Gobernador al tel\u00e9fono:<br \/>\u2013A ver Chup\u00f3n\u2026 \u00bfc\u00f3mo est\u00e1 eso de que hab\u00eda un muerto en altamar?<br \/>\u2013S\u00ed Se\u00f1or, pero ya confirmamos que era un burro\u2026 de inmediato llam\u00e9 a la prensa para que se calmaran, pero result\u00f3 peor\u2026<br \/>\u2013\u00bfPor qu\u00e9?\u2013 pregunt\u00f3 el Mandatario.<br \/>\u2013Quer\u00edan saber qu\u00e9 diputado era\u2026<br \/>\u2013\u00bfY qu\u00e9 m\u00e1s hiciste?<br \/>\u2013\u00a1Mand\u00e9 a hacer la necropsia al burrito!<br \/>\u2013\u00bfA d\u00f3nde?<br \/>\u2013\u00a1A los Pinos!<br \/>\u2013\u00bfY qu\u00e9 te dijeron?<br \/>\u2013Que ten\u00eda gastritis\u2026<br \/>\u2013\u00a1Que que qu\u00e9! \u00a1\u00d3yeme majadero!<br \/>\u2013Qu\u00e9 pas\u00f3 mi Gober\u2026 no se enoje\u2026 ni me haga derramar la bilis\u2026 no ve que le digo que tengo gastritis de tanto ca\u00f1onazo que me aviento\u2026<br \/>\u2013\u00a1Ahhh! Me espantaste\u2026 pero, \u00bfc\u00f3mo que gastritis por ca\u00f1onazos? \u00bfNo ser\u00e1 que est\u00e1s recibiendo lana de otros lados\u2026?<br \/>\u2013C\u00f3mo cree mi Gober, me refiero a los ca\u00f1onazos que me aviento con el Rey y Juan Humberto\u2026 ca\u00f1onazos de ca\u00f1a, \u00bfs\u00ed me entiende, verdad\u2026?<br \/>El tel\u00e9fono se colg\u00f3 con tanta fuerza que el General sinti\u00f3 un ca\u00f1onazo en el o\u00eddo\u2026<br \/>\u2013A ver, Alejandro, habla a \u201cFeyoyo\u201d y dile que haga un comunicado que refiera que todos los narcos son de paso y todos son hechos aislados\u2026<br \/>Al d\u00eda siguiente, la nota de primera plana en todos los peri\u00f3dicos era:<br \/>\u201cEl Narco es de Paso\u2026 de Ovejas, Paso\u2026 del Macho, Paso\u2026 del Toro, Paso\u2026 do\u00f1a Juana y Paso\u2026 de facturas\u2026\u201d y los subt\u00edtulos: \u201cLas cintas de aislar ser\u00e1n exclusivamente del uso del secretario de Gobierno y del Procurador para seguir aislando los homicidios entre narcos\u201d.<\/p>\n<p>e-mail: <a href=\"mailto:dor00@hotmail.com\">dor00@hotmail.com<\/a><\/p>\n","protected":false},"excerpt":{"rendered":"<p>Salvador Mu\u00f1oz La psicosis por la guerra entre \u201cbandas del mal\u201d en Veracruz se desat\u00f3. Tanto el procurador Emeterio L\u00f3pez, como los secretarios de Seguridad P\u00fablica y de Gobierno, Juan Manuel Orozco M\u00e9ndez y Reynaldo Escobar, respectivamente, han sufrido en su salud (ehhh\u2026 ahora s\u00ed se refiere uno a su salud f\u00edsica), un gran deterioro, [&hellip;]<\/p>\n","protected":false},"author":1,"featured_media":0,"comment_status":"open","ping_status":"open","sticky":false,"template":"","format":"standard","meta":{"_jetpack_newsletter_access":"","_jetpack_dont_email_post_to_subs":false,"_jetpack_newsletter_tier_id":0,"_jetpack_memberships_contains_paywalled_content":false,"_jetpack_memberships_contains_paid_content":false,"footnotes":""},"categories":[1],"tags":[],"class_list":["post-9991","post","type-post","status-publish","format-standard","hentry","category-sin-categoria"],"jetpack_featured_media_url":"","jetpack_sharing_enabled":true,"jetpack_shortlink":"https:\/\/wp.me\/p4Qcd3-2B9","_links":{"self":[{"href":"https:\/\/lospoliticosveracruz.com.mx\/index.php?rest_route=\/wp\/v2\/posts\/9991","targetHints":{"allow":["GET"]}}],"collection":[{"href":"https:\/\/lospoliticosveracruz.com.mx\/index.php?rest_route=\/wp\/v2\/posts"}],"about":[{"href":"https:\/\/lospoliticosveracruz.com.mx\/index.php?rest_route=\/wp\/v2\/types\/post"}],"author":[{"embeddable":true,"href":"https:\/\/lospoliticosveracruz.com.mx\/index.php?rest_route=\/wp\/v2\/users\/1"}],"replies":[{"embeddable":true,"href":"https:\/\/lospoliticosveracruz.com.mx\/index.php?rest_route=%2Fwp%2Fv2%2Fcomments&post=9991"}],"version-history":[{"count":0,"href":"https:\/\/lospoliticosveracruz.com.mx\/index.php?rest_route=\/wp\/v2\/posts\/9991\/revisions"}],"wp:attachment":[{"href":"https:\/\/lospoliticosveracruz.com.mx\/index.php?rest_route=%2Fwp%2Fv2%2Fmedia&parent=9991"}],"wp:term":[{"taxonomy":"category","embeddable":true,"href":"https:\/\/lospoliticosveracruz.com.mx\/index.php?rest_route=%2Fwp%2Fv2%2Fcategories&post=9991"},{"taxonomy":"post_tag","embeddable":true,"href":"https:\/\/lospoliticosveracruz.com.mx\/index.php?rest_route=%2Fwp%2Fv2%2Ftags&post=9991"}],"curies":[{"name":"wp","href":"https:\/\/api.w.org\/{rel}","templated":true}]}}