{"id":99923,"date":"2022-12-13T07:35:58","date_gmt":"2022-12-13T13:35:58","guid":{"rendered":"https:\/\/lospoliticosveracruz.com.mx\/?p=99923"},"modified":"2022-12-13T07:36:02","modified_gmt":"2022-12-13T13:36:02","slug":"rocio-o-manuel-pesima-la-una-indeseable-el-otro","status":"publish","type":"post","link":"https:\/\/lospoliticosveracruz.com.mx\/?p=99923","title":{"rendered":"ROC\u00cdO O MANUEL; P\u00c9SIMA LA UNA, INDESEABLE EL OTRO"},"content":{"rendered":"\n<p><strong>Bernardo Guti\u00e9rrez Parra<br><\/strong><em>Desde el Caf\u00e9<\/em><\/p>\n\n\n\n<p>Hasta los seguidores m\u00e1s recalcitrantes de Roc\u00edo Nahle, esos que juran que la titular de Energ\u00eda ser\u00e1 la primera zacatecana en gobernar Veracruz, no pueden ocultar su preocupaci\u00f3n porque su candidata nom\u00e1s no termina de alzar el vuelo, de hecho, ni siquiera ha despegado. Y cuando lo intenta la bajan.<\/p>\n\n\n<div class=\"wp-block-image\">\n<figure class=\"alignleft size-large is-resized\"><a href=\"https:\/\/lospoliticosveracruz.com.mx\/wp-content\/uploads\/2021\/10\/WhatsApp-Image-2021-10-02-at-15.20.25.jpeg\"><img loading=\"lazy\" decoding=\"async\" src=\"https:\/\/lospoliticosveracruz.com.mx\/wp-content\/uploads\/2021\/10\/WhatsApp-Image-2021-10-02-at-15.20.25-724x1024.jpeg\" alt=\"\" class=\"wp-image-80177\" width=\"362\" height=\"512\" srcset=\"https:\/\/lospoliticosveracruz.com.mx\/wp-content\/uploads\/2021\/10\/WhatsApp-Image-2021-10-02-at-15.20.25-724x1024.jpeg 724w, https:\/\/lospoliticosveracruz.com.mx\/wp-content\/uploads\/2021\/10\/WhatsApp-Image-2021-10-02-at-15.20.25-212x300.jpeg 212w, https:\/\/lospoliticosveracruz.com.mx\/wp-content\/uploads\/2021\/10\/WhatsApp-Image-2021-10-02-at-15.20.25-768x1086.jpeg 768w, https:\/\/lospoliticosveracruz.com.mx\/wp-content\/uploads\/2021\/10\/WhatsApp-Image-2021-10-02-at-15.20.25.jpeg 905w\" sizes=\"auto, (max-width: 362px) 100vw, 362px\" \/><\/a><\/figure><\/div>\n\n\n<p>Primero fue el calambre de Andr\u00e9s Manuel en su \u00faltimo viaje a la entidad (No viene aqu\u00ed a Veracruz \u00bfverdad?). Despu\u00e9s su comparecencia en el Congreso federal donde entre X\u00f3chitl G\u00e1lvez y Julen Rementer\u00eda la hicieron ver su suerte, la ridiculizaron y con datos duros la mostraron como lo que es: una mentirosa.<\/p>\n\n\n\n<p>Habilitada como arquitecta de una refiner\u00eda, la ingeniera qu\u00edmica no ha podido con el paquete. El presidente inaugur\u00f3 una obra inconclusa que no ha quedado ni quedar\u00e1 en este sexenio.<\/p>\n\n\n\n<p>Si bien le va a Dos Bocas, comenzar\u00e1 a refinar su primer litro de gasolina en 2027, es decir, a mitad del siguiente sexenio. Y si ahora cuesta 16 mil millones de d\u00f3lares, el doble del presupuesto original, en cinco a\u00f1os costar\u00e1 m\u00e1s de 24 mil millones. Un mundo de dinero para una obra que en menos de diez a\u00f1os ser\u00e1 obsoleta con la llegada de las energ\u00edas limpias.<\/p>\n\n\n\n<p>Roc\u00edo est\u00e1 conflictuada, ser\u00e1 una candidata d\u00e9bil y a la defensiva con p\u00e9simas cartas de presentaci\u00f3n como el enriquecimiento de sus familiares, amigos y compadres; el nulo trabajo que hizo por los veracruzanos como legisladora\u2026 y la refiner\u00eda. Es decir, los opositores tendr\u00e1n tela de donde cortar para tupirle.<\/p>\n\n\n\n<p>Pero esto no desanima a sus preocupados seguidores que insisten en que su abanderada sigue en el coraz\u00f3n de Andr\u00e9s Manuel para la gubernatura. Aunque qui\u00e9n sabe, al parecer el presidente ya tiene un plan B.<\/p>\n\n\n\n<p>\u00bfEs Jos\u00e9 Luis Lima, Zenyazen Escobar, Sergio Guti\u00e9rrez? No, ser\u00eda Manuel Huerta Ladr\u00f3n de Guevara.<\/p>\n\n\n\n<p>Futa\u2026<\/p>\n\n\n\n<p>En entrevista con el periodista Arturo Reyes Isidoro que se lo encontr\u00f3 en Agua Dulce repartiendo tarjetas del Banco del Bienestar, Manuel le dijo sobre su probable candidatura: \u201cNo estoy ni ando distra\u00eddo sino con mi labor, que es concretar para lo que me puso el presidente en Veracruz, que los veracruzanos reciban los beneficios de los programas sociales, lo dem\u00e1s viene por a\u00f1adidura\u201d.<\/p>\n\n\n\n<p>\u00bfQu\u00e9 es lo que vendr\u00eda por a\u00f1adidura? Evidentemente su candidatura a la gubernatura.<\/p>\n\n\n\n<p>\u00bfSer\u00e1? H\u00edjole, con Andr\u00e9s Manuel todo es posible, lector.<\/p>\n\n\n\n<p>La diferencia entre Manuel y Roc\u00edo es que si \u00e9sta va a sudar la gota gorda como candidata, Manuel Huerta sudar\u00e1 m\u00e1s.<\/p>\n\n\n\n<p>Me va a gustar verlo recorrer como candidato la geograf\u00eda de la entidad con Las Brujas del Mar y otras agrupaciones feministas grit\u00e1ndole a cada paso: \u201c\u00a1Un violador no ser\u00e1 gobernador!\u201d.<\/p>\n\n\n\n<p>Con eso tendr\u00e1n los opositores para hacerlo pedazos.<\/p>\n\n\n\n<p>Si en efecto Roc\u00edo y Manuel son el plan A y B de L\u00f3pez Obrador, lo que se va a confirmar es que el tabasque\u00f1o nunca ha querido a Veracruz (primero Cuitl\u00e1huac y luego uno de estos dos). Pero en contrapunto, cualquiera de las dos candidaturas le abrir\u00eda la puerta a la oposici\u00f3n para recuperar la entidad, siempre y cuando (como lo dije hace unas semanas) no se les ocurra poner a una vaca o a un buey de candidatos.<\/p>\n\n\n\n<p>Veremos qu\u00e9 pasa.<\/p>\n\n\n\n<p><strong>Reitera Zenyazen; incremento salarial se pagar\u00e1 a partir del d\u00eda 15<\/strong><\/p>\n\n\n\n<p>Ante la cercan\u00eda del plazo que el gobierno del Estado dio a las y los maestros estatales para iniciar con la cobertura del incremento salarial del 3, 2 y 1 por ciento, el titular de la Secretar\u00eda de Educaci\u00f3n de Veracruz (SEV), Zenyazen Escobar Garc\u00eda, reiter\u00f3 que este ser\u00e1 cubierto en tiempo y forma a partir del pr\u00f3ximo 15 de diciembre.<\/p>\n\n\n\n<p>Dijo que la Federaci\u00f3n liberar\u00e1 700 millones de pesos al Estado el martes 13 de diciembre para iniciar la dispersi\u00f3n del recurso entre los d\u00edas 14, 15, 16 y 30 del mes en curso, asegurando que los pagos y prestaciones est\u00e1n garantizados para todos los trabajadores.<\/p>\n\n\n\n<p>Sobre el inicio del periodo vacacional, indic\u00f3 que ser\u00e1 el pr\u00f3ximo 16 de diciembre el \u00faltimo d\u00eda de clases, en tanto que el regreso a las aulas ser\u00e1 el 9 de enero.<\/p>\n\n\n\n<p>Agreg\u00f3 que como medida preventiva para evitar y reducir los riesgos por robos en las escuelas se mantienen los acuerdos con la Secretar\u00eda de Seguridad P\u00fablica (SSP), para ejecutar los rondines en las zonas cercanas a los planteles, considerando principalmente aquellos municipios detectados como focos rojos como Medell\u00edn, Boca del R\u00edo y Veracruz puerto, donde se tiene registro de mayor incidencia delictiva en escuelas.<\/p>\n\n\n\n<p>Escobar Garc\u00eda celebr\u00f3 que se mantiene una buena relaci\u00f3n con las m\u00e1s de 100 organizaciones sindicales que existen en el estado con las cuales enfatiz\u00f3, se trabaja de manera coordinada para la atenci\u00f3n y seguimiento a sus demandas.<\/p>\n\n\n\n<p>Finalmente, agradeci\u00f3 la buena disposici\u00f3n de la Federaci\u00f3n a trav\u00e9s de la Secretar\u00eda de Educaci\u00f3n P\u00fablica (SEP), para el seguimiento de la entrega de los 49 millones de pesos pendientes para la atenci\u00f3n de las escuelas da\u00f1adas por Grace en el norte del estado, los cuales est\u00e1n siendo gestionados con el apoyo de la nueva titular, Leticia Ram\u00edrez Amaya.<\/p>\n\n\n\n<p>En tanto que, derivado de las gestiones realizadas, Veracruz estar\u00e1 recibiendo 350 millones de pesos adicionales del Fondo de Aportaciones M\u00faltiples (FAM potenciado), que ser\u00e1n utilizados para obras de gran impacto que abonar\u00e1n a la transformaci\u00f3n de Veracruz.<\/p>\n\n\n\n<p>bernardogup@hotmail.com<\/p>\n","protected":false},"excerpt":{"rendered":"<p>Bernardo Guti\u00e9rrez ParraDesde el Caf\u00e9 Hasta los seguidores m\u00e1s recalcitrantes de Roc\u00edo Nahle, esos que juran que la titular de Energ\u00eda ser\u00e1 la primera zacatecana en gobernar Veracruz, no pueden ocultar su preocupaci\u00f3n porque su candidata nom\u00e1s no termina de alzar el vuelo, de hecho, ni siquiera ha despegado. Y cuando lo intenta la bajan. [&hellip;]<\/p>\n","protected":false},"author":2,"featured_media":0,"comment_status":"closed","ping_status":"closed","sticky":false,"template":"","format":"standard","meta":{"_jetpack_newsletter_access":"","_jetpack_dont_email_post_to_subs":false,"_jetpack_newsletter_tier_id":0,"_jetpack_memberships_contains_paywalled_content":false,"_jetpack_memberships_contains_paid_content":false,"footnotes":""},"categories":[70],"tags":[618,34206,1130,1026,3578,195,17531,12372],"class_list":["post-99923","post","type-post","status-publish","format-standard","hentry","category-de-opinion","tag-andres-manuel-lopez-obrador","tag-bernardo-gutierrez-parra","tag-julen-rementeria","tag-morena","tag-rocio-nahle","tag-veracruz","tag-xochitl-galvez","tag-zenyazen-escobar-garcia"],"jetpack_featured_media_url":"","jetpack_sharing_enabled":true,"jetpack_shortlink":"https:\/\/wp.me\/p4Qcd3-pZF","_links":{"self":[{"href":"https:\/\/lospoliticosveracruz.com.mx\/index.php?rest_route=\/wp\/v2\/posts\/99923","targetHints":{"allow":["GET"]}}],"collection":[{"href":"https:\/\/lospoliticosveracruz.com.mx\/index.php?rest_route=\/wp\/v2\/posts"}],"about":[{"href":"https:\/\/lospoliticosveracruz.com.mx\/index.php?rest_route=\/wp\/v2\/types\/post"}],"author":[{"embeddable":true,"href":"https:\/\/lospoliticosveracruz.com.mx\/index.php?rest_route=\/wp\/v2\/users\/2"}],"replies":[{"embeddable":true,"href":"https:\/\/lospoliticosveracruz.com.mx\/index.php?rest_route=%2Fwp%2Fv2%2Fcomments&post=99923"}],"version-history":[{"count":1,"href":"https:\/\/lospoliticosveracruz.com.mx\/index.php?rest_route=\/wp\/v2\/posts\/99923\/revisions"}],"predecessor-version":[{"id":99926,"href":"https:\/\/lospoliticosveracruz.com.mx\/index.php?rest_route=\/wp\/v2\/posts\/99923\/revisions\/99926"}],"wp:attachment":[{"href":"https:\/\/lospoliticosveracruz.com.mx\/index.php?rest_route=%2Fwp%2Fv2%2Fmedia&parent=99923"}],"wp:term":[{"taxonomy":"category","embeddable":true,"href":"https:\/\/lospoliticosveracruz.com.mx\/index.php?rest_route=%2Fwp%2Fv2%2Fcategories&post=99923"},{"taxonomy":"post_tag","embeddable":true,"href":"https:\/\/lospoliticosveracruz.com.mx\/index.php?rest_route=%2Fwp%2Fv2%2Ftags&post=99923"}],"curies":[{"name":"wp","href":"https:\/\/api.w.org\/{rel}","templated":true}]}}