{"id":47678,"count":1,"description":"","link":"https:\/\/lospoliticosveracruz.com.mx\/?tag=gerardo-fernandez-norona-polemica","name":"gerardo fern\u00e1ndez noro\u00f1a pol\u00e9mica","slug":"gerardo-fernandez-norona-polemica","taxonomy":"post_tag","meta":[],"_links":{"self":[{"href":"https:\/\/lospoliticosveracruz.com.mx\/index.php?rest_route=\/wp\/v2\/tags\/47678","targetHints":{"allow":["GET"]}}],"collection":[{"href":"https:\/\/lospoliticosveracruz.com.mx\/index.php?rest_route=\/wp\/v2\/tags"}],"about":[{"href":"https:\/\/lospoliticosveracruz.com.mx\/index.php?rest_route=\/wp\/v2\/taxonomies\/post_tag"}],"wp:post_type":[{"href":"https:\/\/lospoliticosveracruz.com.mx\/index.php?rest_route=%2Fwp%2Fv2%2Fposts&tags=47678"}],"curies":[{"name":"wp","href":"https:\/\/api.w.org\/{rel}","templated":true}]}}