{"id":6605,"count":13,"description":"","link":"https:\/\/lospoliticosveracruz.com.mx\/?tag=secretaria-de-hacienda-y-credito-publico","name":"Secretar\u00eda de Hacienda y Cr\u00e9dito P\u00fablico","slug":"secretaria-de-hacienda-y-credito-publico","taxonomy":"post_tag","meta":[],"_links":{"self":[{"href":"https:\/\/lospoliticosveracruz.com.mx\/index.php?rest_route=\/wp\/v2\/tags\/6605","targetHints":{"allow":["GET"]}}],"collection":[{"href":"https:\/\/lospoliticosveracruz.com.mx\/index.php?rest_route=\/wp\/v2\/tags"}],"about":[{"href":"https:\/\/lospoliticosveracruz.com.mx\/index.php?rest_route=\/wp\/v2\/taxonomies\/post_tag"}],"wp:post_type":[{"href":"https:\/\/lospoliticosveracruz.com.mx\/index.php?rest_route=%2Fwp%2Fv2%2Fposts&tags=6605"}],"curies":[{"name":"wp","href":"https:\/\/api.w.org\/{rel}","templated":true}]}}